{"id":5877,"date":"2022-03-21T08:06:34","date_gmt":"2022-03-21T08:06:34","guid":{"rendered":"http:\/\/www.svu.edu.eg\/faculties\/phed\/?p=5877"},"modified":"2022-03-23T08:10:38","modified_gmt":"2022-03-23T08:10:38","slug":"faculte-deducation-physique-participe-aux-olympiades-des-facultes-au-niveau-de-la-republique-a-luniversite-de-sohag","status":"publish","type":"post","link":"https:\/\/www.svu.edu.eg\/faculties\/phed\/fr\/faculte-deducation-physique-participe-aux-olympiades-des-facultes-au-niveau-de-la-republique-a-luniversite-de-sohag\/","title":{"rendered":"Facult\u00e9 d\u2019\u00e9ducation  physique participe aux olympiades des facult\u00e9s au niveau de la R\u00e9publique \u00e0 l\u2019Universit\u00e9 de Sohag"},"content":{"rendered":"<p>Dr. Ashraf Mossa, doyen de la facult\u00e9 d\u2019\u00e9ducation physique, dr. Mahmoud Labib, vice- doyen de la facult\u00e9 pour les affaires \u00e9ducatives et \u00e9tudiantes et le conseil de l&#8217;Union des \u00e9tudiants de la facult\u00e9 &nbsp;ont f\u00e9licit\u00e9 la mission de la facult\u00e9 d\u2019\u00e9ducation physique aux olympiades des facult\u00e9s au niveau de la R\u00e9publique \u00e0 l\u2019Universit\u00e9 de Sohag, il convient de noter que la facult\u00e9 d\u2019\u00e9ducation physique a re\u00e7u sept m\u00e9dailles et deux coupes.<\/p>\n","protected":false},"excerpt":{"rendered":"<p>Dr. Ashraf Mossa, doyen de la facult\u00e9 d\u2019\u00e9ducation physique, dr. Mahmoud Labib, vice- doyen de la facult\u00e9 pour les affaires \u00e9ducatives et \u00e9tudiantes et le conseil de l&#8217;Union des \u00e9tudiants [&hellip;]<\/p>\n","protected":false},"author":2,"featured_media":5871,"comment_status":"open","ping_status":"open","sticky":false,"template":"","format":"standard","meta":{"_monsterinsights_skip_tracking":false,"_monsterinsights_sitenote_active":false,"_monsterinsights_sitenote_note":"","_monsterinsights_sitenote_category":0},"categories":[83,73],"tags":[],"_links":{"self":[{"href":"https:\/\/www.svu.edu.eg\/faculties\/phed\/wp-json\/wp\/v2\/posts\/5877"}],"collection":[{"href":"https:\/\/www.svu.edu.eg\/faculties\/phed\/wp-json\/wp\/v2\/posts"}],"about":[{"href":"https:\/\/www.svu.edu.eg\/faculties\/phed\/wp-json\/wp\/v2\/types\/post"}],"author":[{"embeddable":true,"href":"https:\/\/www.svu.edu.eg\/faculties\/phed\/wp-json\/wp\/v2\/users\/2"}],"replies":[{"embeddable":true,"href":"https:\/\/www.svu.edu.eg\/faculties\/phed\/wp-json\/wp\/v2\/comments?post=5877"}],"version-history":[{"count":2,"href":"https:\/\/www.svu.edu.eg\/faculties\/phed\/wp-json\/wp\/v2\/posts\/5877\/revisions"}],"predecessor-version":[{"id":5879,"href":"https:\/\/www.svu.edu.eg\/faculties\/phed\/wp-json\/wp\/v2\/posts\/5877\/revisions\/5879"}],"wp:featuredmedia":[{"embeddable":true,"href":"https:\/\/www.svu.edu.eg\/faculties\/phed\/wp-json\/wp\/v2\/media\/5871"}],"wp:attachment":[{"href":"https:\/\/www.svu.edu.eg\/faculties\/phed\/wp-json\/wp\/v2\/media?parent=5877"}],"wp:term":[{"taxonomy":"category","embeddable":true,"href":"https:\/\/www.svu.edu.eg\/faculties\/phed\/wp-json\/wp\/v2\/categories?post=5877"},{"taxonomy":"post_tag","embeddable":true,"href":"https:\/\/www.svu.edu.eg\/faculties\/phed\/wp-json\/wp\/v2\/tags?post=5877"}],"curies":[{"name":"wp","href":"https:\/\/api.w.org\/{rel}","templated":true}]}}