{"id":5556,"date":"2022-01-25T19:39:26","date_gmt":"2022-01-25T19:39:26","guid":{"rendered":"http:\/\/www.svu.edu.eg\/faculties\/phed\/?p=5556"},"modified":"2022-02-27T06:42:17","modified_gmt":"2022-02-27T06:42:17","slug":"recteur-de-luniversite-inspecte-les-travaux-des-examens-dans-la-faculte-deducation-physique","status":"publish","type":"post","link":"https:\/\/www.svu.edu.eg\/faculties\/phed\/fr\/recteur-de-luniversite-inspecte-les-travaux-des-examens-dans-la-faculte-deducation-physique\/","title":{"rendered":"Recteur de l\u2019Universit\u00e9 inspecte les travaux des examens dans la facult\u00e9 d&#8217;\u00e9ducation physique"},"content":{"rendered":"<p>Dans le cadre des visites d&#8217;inspection des examens de l&#8217;Universit\u00e9 effectu\u00e9es par dr. Youssef Gharabawy, recteur de l\u2019Universit\u00e9 du Sud de la Vall\u00e9e, accompagn\u00e9 par dr. Ahmed Kamal Nassary, vice-recteur de l&#8217;Universit\u00e9 du service communautaire et le d\u00e9veloppement environnemental et dr. Badawy Shahat, vice- recteur de l\u2019Universit\u00e9 des affaires \u00e9ducatives et \u00e9tudiantes, en pr\u00e9sence du dr. Ashraf Mossa, doyen de la facult\u00e9 d&#8217;\u00e9ducation physique, dr. Mohmmed Labib, vice-doyen des affaires \u00e9ducatives et \u00e9tudiantes et dr. Abdelhak Saeid, vice- doyen des \u00e9tudes sup\u00e9rieures, ils ont inspect\u00e9 les travaux d&#8217;examens dans la facult\u00e9. Au cours de la visite, Dr. Gharabawy a salu\u00e9 de la bonne organisation des examens et de l\u2019application des mesures de pr\u00e9caution.<\/p>\n<p><img decoding=\"async\" loading=\"lazy\" class=\"\" src=\"http:\/\/www.svu.edu.eg\/faculties\/phed\/wp-content\/uploads\/2022\/01\/WhatsApp-Image-2022-01-25-at-11.18.24-AM-1-1-1024x682.jpeg\" width=\"577\" height=\"384\"><\/p>\n<p><img decoding=\"async\" loading=\"lazy\" class=\"\" src=\"http:\/\/www.svu.edu.eg\/faculties\/phed\/wp-content\/uploads\/2022\/01\/WhatsApp-Image-2022-01-25-at-11.18.23-AM-1-1024x682.jpeg\" width=\"567\" height=\"378\"><\/p>\n<p><img decoding=\"async\" loading=\"lazy\" class=\"\" src=\"http:\/\/www.svu.edu.eg\/faculties\/phed\/wp-content\/uploads\/2022\/01\/WhatsApp-Image-2022-01-25-at-11.18.22-AM-1-1024x682.jpeg\" width=\"568\" height=\"378\"><\/p>\n<p><img decoding=\"async\" loading=\"lazy\" class=\"\" src=\"http:\/\/www.svu.edu.eg\/faculties\/phed\/wp-content\/uploads\/2022\/01\/WhatsApp-Image-2022-01-25-at-11.18.24-AM-1024x682.jpeg\" width=\"570\" height=\"379\"><\/p>\n","protected":false},"excerpt":{"rendered":"<p>Dans le cadre des visites d&#8217;inspection des examens de l&#8217;Universit\u00e9 effectu\u00e9es par dr. Youssef Gharabawy, recteur de l\u2019Universit\u00e9 du Sud de la Vall\u00e9e, accompagn\u00e9 par dr. Ahmed Kamal Nassary, vice-recteur [&hellip;]<\/p>\n","protected":false},"author":2,"featured_media":5541,"comment_status":"open","ping_status":"open","sticky":false,"template":"","format":"standard","meta":{"_monsterinsights_skip_tracking":false,"_monsterinsights_sitenote_active":false,"_monsterinsights_sitenote_note":"","_monsterinsights_sitenote_category":0},"categories":[83,73],"tags":[],"_links":{"self":[{"href":"https:\/\/www.svu.edu.eg\/faculties\/phed\/wp-json\/wp\/v2\/posts\/5556"}],"collection":[{"href":"https:\/\/www.svu.edu.eg\/faculties\/phed\/wp-json\/wp\/v2\/posts"}],"about":[{"href":"https:\/\/www.svu.edu.eg\/faculties\/phed\/wp-json\/wp\/v2\/types\/post"}],"author":[{"embeddable":true,"href":"https:\/\/www.svu.edu.eg\/faculties\/phed\/wp-json\/wp\/v2\/users\/2"}],"replies":[{"embeddable":true,"href":"https:\/\/www.svu.edu.eg\/faculties\/phed\/wp-json\/wp\/v2\/comments?post=5556"}],"version-history":[{"count":2,"href":"https:\/\/www.svu.edu.eg\/faculties\/phed\/wp-json\/wp\/v2\/posts\/5556\/revisions"}],"predecessor-version":[{"id":5558,"href":"https:\/\/www.svu.edu.eg\/faculties\/phed\/wp-json\/wp\/v2\/posts\/5556\/revisions\/5558"}],"wp:featuredmedia":[{"embeddable":true,"href":"https:\/\/www.svu.edu.eg\/faculties\/phed\/wp-json\/wp\/v2\/media\/5541"}],"wp:attachment":[{"href":"https:\/\/www.svu.edu.eg\/faculties\/phed\/wp-json\/wp\/v2\/media?parent=5556"}],"wp:term":[{"taxonomy":"category","embeddable":true,"href":"https:\/\/www.svu.edu.eg\/faculties\/phed\/wp-json\/wp\/v2\/categories?post=5556"},{"taxonomy":"post_tag","embeddable":true,"href":"https:\/\/www.svu.edu.eg\/faculties\/phed\/wp-json\/wp\/v2\/tags?post=5556"}],"curies":[{"name":"wp","href":"https:\/\/api.w.org\/{rel}","templated":true}]}}