{"id":4209,"date":"2021-02-28T09:33:29","date_gmt":"2021-02-28T09:33:29","guid":{"rendered":"http:\/\/www.svu.edu.eg\/faculties\/phed\/?p=4209"},"modified":"2021-03-01T09:34:50","modified_gmt":"2021-03-01T09:34:50","slug":"le-recteur-de-luniversite-inspecte-les-travaux-des-examens-a-la-faculte-deducation-physique","status":"publish","type":"post","link":"https:\/\/www.svu.edu.eg\/faculties\/phed\/fr\/le-recteur-de-luniversite-inspecte-les-travaux-des-examens-a-la-faculte-deducation-physique\/","title":{"rendered":"Le recteur de l&#8217;Universit\u00e9 inspecte les travaux des examens \u00e0 la facult\u00e9 d&#8217;\u00e9ducation physique"},"content":{"rendered":"<p>Dr. Youssef Gharabawy, recteur de l&#8217;Universit\u00e9, a effectu\u00e9 une visite d&#8217;inspection au cours de la tenue des examens de la facult\u00e9 d&#8217;\u00e9ducation physique, accompagn\u00e9 du dr. Mahmoud Labeeb, vice-doyen de la facult\u00e9 pour les affaires \u00e9ducatives et \u00e9tudiantes, et du dr. Ashraf Mosaa, doyen de la facult\u00e9 d&#8217;\u00e9ducation physique. Au cours de la visite, le recteur de l&#8217;Universit\u00e9 a \u00e9chang\u00e9 un dialogue avec quelques \u00e9tudiants sur les travaux des examens, la bonne organisation des comit\u00e9s et l\u2019application de mesures de pr\u00e9caution.<\/p>\n","protected":false},"excerpt":{"rendered":"<p>Dr. Youssef Gharabawy, recteur de l&#8217;Universit\u00e9, a effectu\u00e9 une visite d&#8217;inspection au cours de la tenue des examens de la facult\u00e9 d&#8217;\u00e9ducation physique, accompagn\u00e9 du dr. Mahmoud Labeeb, vice-doyen de [&hellip;]<\/p>\n","protected":false},"author":2,"featured_media":4203,"comment_status":"closed","ping_status":"closed","sticky":false,"template":"","format":"standard","meta":{"_monsterinsights_skip_tracking":false,"_monsterinsights_sitenote_active":false,"_monsterinsights_sitenote_note":"","_monsterinsights_sitenote_category":0},"categories":[83,73],"tags":[],"_links":{"self":[{"href":"https:\/\/www.svu.edu.eg\/faculties\/phed\/wp-json\/wp\/v2\/posts\/4209"}],"collection":[{"href":"https:\/\/www.svu.edu.eg\/faculties\/phed\/wp-json\/wp\/v2\/posts"}],"about":[{"href":"https:\/\/www.svu.edu.eg\/faculties\/phed\/wp-json\/wp\/v2\/types\/post"}],"author":[{"embeddable":true,"href":"https:\/\/www.svu.edu.eg\/faculties\/phed\/wp-json\/wp\/v2\/users\/2"}],"replies":[{"embeddable":true,"href":"https:\/\/www.svu.edu.eg\/faculties\/phed\/wp-json\/wp\/v2\/comments?post=4209"}],"version-history":[{"count":1,"href":"https:\/\/www.svu.edu.eg\/faculties\/phed\/wp-json\/wp\/v2\/posts\/4209\/revisions"}],"predecessor-version":[{"id":4210,"href":"https:\/\/www.svu.edu.eg\/faculties\/phed\/wp-json\/wp\/v2\/posts\/4209\/revisions\/4210"}],"wp:featuredmedia":[{"embeddable":true,"href":"https:\/\/www.svu.edu.eg\/faculties\/phed\/wp-json\/wp\/v2\/media\/4203"}],"wp:attachment":[{"href":"https:\/\/www.svu.edu.eg\/faculties\/phed\/wp-json\/wp\/v2\/media?parent=4209"}],"wp:term":[{"taxonomy":"category","embeddable":true,"href":"https:\/\/www.svu.edu.eg\/faculties\/phed\/wp-json\/wp\/v2\/categories?post=4209"},{"taxonomy":"post_tag","embeddable":true,"href":"https:\/\/www.svu.edu.eg\/faculties\/phed\/wp-json\/wp\/v2\/tags?post=4209"}],"curies":[{"name":"wp","href":"https:\/\/api.w.org\/{rel}","templated":true}]}}