{"id":4555,"date":"2020-11-18T10:38:46","date_gmt":"2020-11-18T10:38:46","guid":{"rendered":"http:\/\/www.svu.edu.eg\/faculties\/pharm\/?p=4555"},"modified":"2020-12-10T10:40:44","modified_gmt":"2020-12-10T10:40:44","slug":"recteur-de-luniversite-du-sud-de-la-vallee-recoit-des-membres-de-commission-des-tests-electroniques","status":"publish","type":"post","link":"https:\/\/www.svu.edu.eg\/faculties\/pharm\/en\/recteur-de-luniversite-du-sud-de-la-vallee-recoit-des-membres-de-commission-des-tests-electroniques\/","title":{"rendered":"Recteur de l\u2019Universit\u00e9 du Sud de la vall\u00e9e re\u00e7oit des Membres de Commission des Tests \u00e9lectroniques"},"content":{"rendered":"<p><strong>&nbsp;<\/strong>Dr. Youssef Gharbawy, recteur de l\u2019Universit\u00e9 du Sud de la vall\u00e9e a re\u00e7u<\/p>\n<p>la commission des tests \u00e9lectroniques qui se compose du Minist\u00e8re de l\u2019Enseignement Sup\u00e9rieur et de la Recherche Scientifique, du Conseil Sup\u00e9rieur des Universit\u00e9s et du Minist\u00e8re des communications, ainsi que&nbsp; des repr\u00e9sentants des entreprises participant \u00e0 la mise en \u0153uvre du projet&nbsp; en pr\u00e9sence du dr. Ali Abd Elrahman Koweil, doyen de la facult\u00e9 de m\u00e9decine, dr.&nbsp; Ahmed Helmi, directeur du Centre de mesure et d\u2019\u00e9valuation et l\u2019ing\u00e9nieur Ali Fakry, directeur du centre d\u2019information \u00e0 l\u2019Universit\u00e9.<\/p>\n<p>Les membres de la commission ont v\u00e9rifi\u00e9 les mesures de l\u2019Universit\u00e9 pour tenir les tests \u00e9lectroniques pour les \u00e9tudiants de premi\u00e8re et deuxi\u00e8me ann\u00e9es.<\/p>\n<p>Dr. Mohamed Omran, Directeur ex\u00e9cutif de l\u2019information, a d\u00e9clar\u00e9 que la visite vise \u00e0 v\u00e9rifier le potentiel technique et l\u2019infrastructure informatique afin d\u2019examiner les besoins techniques n\u00e9cessaires \u00e0 l\u2019application de la premi\u00e8re \u00e9tape en particuli\u00e8re aux facult\u00e9s m\u00e9dicales.<\/p>\n","protected":false},"excerpt":{"rendered":"<p>&nbsp;Dr. Youssef Gharbawy, recteur de l\u2019Universit\u00e9 du Sud de la vall\u00e9e a re\u00e7u la commission des tests \u00e9lectroniques qui se compose du Minist\u00e8re de l\u2019Enseignement Sup\u00e9rieur et de la Recherche [&hellip;]<\/p>\n","protected":false},"author":2,"featured_media":4556,"comment_status":"closed","ping_status":"closed","sticky":false,"template":"","format":"standard","meta":[],"categories":[46],"tags":[],"_links":{"self":[{"href":"https:\/\/www.svu.edu.eg\/faculties\/pharm\/wp-json\/wp\/v2\/posts\/4555"}],"collection":[{"href":"https:\/\/www.svu.edu.eg\/faculties\/pharm\/wp-json\/wp\/v2\/posts"}],"about":[{"href":"https:\/\/www.svu.edu.eg\/faculties\/pharm\/wp-json\/wp\/v2\/types\/post"}],"author":[{"embeddable":true,"href":"https:\/\/www.svu.edu.eg\/faculties\/pharm\/wp-json\/wp\/v2\/users\/2"}],"replies":[{"embeddable":true,"href":"https:\/\/www.svu.edu.eg\/faculties\/pharm\/wp-json\/wp\/v2\/comments?post=4555"}],"version-history":[{"count":2,"href":"https:\/\/www.svu.edu.eg\/faculties\/pharm\/wp-json\/wp\/v2\/posts\/4555\/revisions"}],"predecessor-version":[{"id":4559,"href":"https:\/\/www.svu.edu.eg\/faculties\/pharm\/wp-json\/wp\/v2\/posts\/4555\/revisions\/4559"}],"wp:featuredmedia":[{"embeddable":true,"href":"https:\/\/www.svu.edu.eg\/faculties\/pharm\/wp-json\/wp\/v2\/media\/4556"}],"wp:attachment":[{"href":"https:\/\/www.svu.edu.eg\/faculties\/pharm\/wp-json\/wp\/v2\/media?parent=4555"}],"wp:term":[{"taxonomy":"category","embeddable":true,"href":"https:\/\/www.svu.edu.eg\/faculties\/pharm\/wp-json\/wp\/v2\/categories?post=4555"},{"taxonomy":"post_tag","embeddable":true,"href":"https:\/\/www.svu.edu.eg\/faculties\/pharm\/wp-json\/wp\/v2\/tags?post=4555"}],"curies":[{"name":"wp","href":"https:\/\/api.w.org\/{rel}","templated":true}]}}