{"id":6921,"date":"2021-01-13T09:35:42","date_gmt":"2021-01-13T09:35:42","guid":{"rendered":"http:\/\/www.svu.edu.eg\/faculties\/mass\/?p=6921"},"modified":"2021-01-14T09:50:40","modified_gmt":"2021-01-14T09:50:40","slug":"horaires-des-examens-dalphabetisation-de-qena","status":"publish","type":"post","link":"https:\/\/www.svu.edu.eg\/faculties\/mass\/fr\/horaires-des-examens-dalphabetisation-de-qena\/","title":{"rendered":"Horaires des examens d&#8217;alphab\u00e9tisation de Q\u00e9na"},"content":{"rendered":"<p>Commission nationale pour l&#8217;\u00e9limination de l&#8217;analphab\u00e9tisme et l&#8217;\u00e9ducation des adultes a annonc\u00e9 que les dates des examens d\u2019alphab\u00e9tisation seront pendant le mois de janvier et f\u00e9vrier dans tous les centres de Q\u00e9na.<\/p>\n<p>L\u2019Universit\u00e9 invite ses \u00e9tudiants \u00e0 s\u2019engager avec les directeurs de d\u00e9partement d&#8217;alphab\u00e9tisation dans le gouvernorat pour savoir o\u00f9 les comit\u00e9s sont situ\u00e9s et quand les examens doivent \u00eatre.<\/p>\n<table>\n<tbody>\n<tr>\n<td width=\"114\">Heures<\/td>\n<td width=\"114\">Dates<\/td>\n<td width=\"114\">Jours<\/td>\n<td width=\"182\">Administrations<\/td>\n<td width=\"45\">*<\/td>\n<\/tr>\n<tr>\n<td width=\"114\">12-2<\/td>\n<td width=\"114\">17 \/ 1<\/td>\n<td width=\"114\">Dimanche<\/td>\n<td width=\"182\">Q\u00e9na<\/td>\n<td width=\"45\">1<\/td>\n<\/tr>\n<tr>\n<td width=\"114\">12-2<\/td>\n<td width=\"114\">18 \/ 1<\/td>\n<td width=\"114\">Lundi<\/td>\n<td width=\"182\">Deshna Naja Hamadi<\/td>\n<td width=\"45\">2<\/td>\n<\/tr>\n<tr>\n<td width=\"114\">12-2<\/td>\n<td width=\"114\">19 \/ 1<\/td>\n<td width=\"114\">Mardi<\/td>\n<td width=\"182\">Alwakf Naja Hamadi<\/td>\n<td width=\"45\">3<\/td>\n<\/tr>\n<tr>\n<td width=\"114\">12-2<\/td>\n<td width=\"114\">20 \/ 1<\/td>\n<td width=\"114\">Mercredi<\/td>\n<td width=\"182\">Abo- Techet<\/td>\n<td width=\"45\">4<\/td>\n<\/tr>\n<tr>\n<td width=\"114\">10-12<\/td>\n<td width=\"114\">21\/ 1<\/td>\n<td width=\"114\">Jeudi<\/td>\n<td width=\"182\">Farshout<\/td>\n<td width=\"45\">5<\/td>\n<\/tr>\n<tr>\n<td width=\"114\">12-2<\/td>\n<td width=\"114\">7\/ 2<\/td>\n<td width=\"114\">Dimanche<\/td>\n<td width=\"182\">Q\u00e9na<\/td>\n<td width=\"45\">6<\/td>\n<\/tr>\n<tr>\n<td width=\"114\">12-2<\/td>\n<td width=\"114\">8\/2<\/td>\n<td width=\"114\">Lundi<\/td>\n<td width=\"182\">Nakada<\/td>\n<td width=\"45\">7<\/td>\n<\/tr>\n<tr>\n<td width=\"114\">12-2<\/td>\n<td width=\"114\">9\/2<\/td>\n<td width=\"114\">Mardi<\/td>\n<td width=\"182\">Koos<\/td>\n<td width=\"45\">8<\/td>\n<\/tr>\n<tr>\n<td width=\"114\"><strong>12-2<\/strong><\/td>\n<td width=\"114\"><strong>10\/2<\/strong><\/td>\n<td width=\"114\">Mercredi<\/td>\n<td width=\"182\">Naja Hamadi<\/td>\n<td width=\"45\">9<\/td>\n<\/tr>\n<tr>\n<td width=\"114\"><strong>10-12<\/strong><\/td>\n<td width=\"114\"><strong>11\/2<\/strong><\/td>\n<td width=\"114\">Jeudi<\/td>\n<td width=\"182\">Naja Hamadi<\/td>\n<td width=\"45\">10<\/td>\n<\/tr>\n<tr>\n<td width=\"114\"><strong>12-2<\/strong><\/td>\n<td width=\"114\"><strong>14\/2<\/strong><\/td>\n<td width=\"114\">Dimanche<\/td>\n<td width=\"182\">Alwakf \u00e0 Koft<\/td>\n<td width=\"45\">11<\/td>\n<\/tr>\n<tr>\n<td width=\"114\"><strong>12-2<\/strong><\/td>\n<td width=\"114\"><strong>15\/2<\/strong><\/td>\n<td width=\"114\">Mardi<\/td>\n<td width=\"182\">Koos<\/td>\n<td width=\"45\">12<\/td>\n<\/tr>\n<\/tbody>\n<\/table>\n","protected":false},"excerpt":{"rendered":"<p>Commission nationale pour l&#8217;\u00e9limination de l&#8217;analphab\u00e9tisme et l&#8217;\u00e9ducation des adultes a annonc\u00e9 que les dates des examens d\u2019alphab\u00e9tisation seront pendant le mois de janvier et f\u00e9vrier dans tous les centres [&hellip;]<\/p>\n","protected":false},"author":2,"featured_media":6405,"comment_status":"closed","ping_status":"closed","sticky":false,"template":"","format":"standard","meta":[],"categories":[142,65],"tags":[],"_links":{"self":[{"href":"https:\/\/www.svu.edu.eg\/faculties\/mass\/wp-json\/wp\/v2\/posts\/6921"}],"collection":[{"href":"https:\/\/www.svu.edu.eg\/faculties\/mass\/wp-json\/wp\/v2\/posts"}],"about":[{"href":"https:\/\/www.svu.edu.eg\/faculties\/mass\/wp-json\/wp\/v2\/types\/post"}],"author":[{"embeddable":true,"href":"https:\/\/www.svu.edu.eg\/faculties\/mass\/wp-json\/wp\/v2\/users\/2"}],"replies":[{"embeddable":true,"href":"https:\/\/www.svu.edu.eg\/faculties\/mass\/wp-json\/wp\/v2\/comments?post=6921"}],"version-history":[{"count":1,"href":"https:\/\/www.svu.edu.eg\/faculties\/mass\/wp-json\/wp\/v2\/posts\/6921\/revisions"}],"predecessor-version":[{"id":6922,"href":"https:\/\/www.svu.edu.eg\/faculties\/mass\/wp-json\/wp\/v2\/posts\/6921\/revisions\/6922"}],"wp:featuredmedia":[{"embeddable":true,"href":"https:\/\/www.svu.edu.eg\/faculties\/mass\/wp-json\/wp\/v2\/media\/6405"}],"wp:attachment":[{"href":"https:\/\/www.svu.edu.eg\/faculties\/mass\/wp-json\/wp\/v2\/media?parent=6921"}],"wp:term":[{"taxonomy":"category","embeddable":true,"href":"https:\/\/www.svu.edu.eg\/faculties\/mass\/wp-json\/wp\/v2\/categories?post=6921"},{"taxonomy":"post_tag","embeddable":true,"href":"https:\/\/www.svu.edu.eg\/faculties\/mass\/wp-json\/wp\/v2\/tags?post=6921"}],"curies":[{"name":"wp","href":"https:\/\/api.w.org\/{rel}","templated":true}]}}