{"id":13125,"date":"2023-01-30T07:36:16","date_gmt":"2023-01-30T07:36:16","guid":{"rendered":"https:\/\/www.svu.edu.eg\/faculties\/mass\/?p=13125"},"modified":"2023-02-04T07:37:44","modified_gmt":"2023-02-04T07:37:44","slug":"lassemblee-de-watten-pour-le-developpement-local-honore-le-recteur-de-luniversite-du-sud-de-la-vallee","status":"publish","type":"post","link":"https:\/\/www.svu.edu.eg\/faculties\/mass\/fr\/lassemblee-de-watten-pour-le-developpement-local-honore-le-recteur-de-luniversite-du-sud-de-la-vallee\/","title":{"rendered":"L\u2019assembl\u00e9e  de Watten pour le d\u00e9veloppement local honore le recteur de l\u2019Universit\u00e9 du Sud de la Vall\u00e9e"},"content":{"rendered":"<p>Dans le cadre de l\u2019int\u00e9r\u00eat de l\u2019Universit\u00e9 pour la diffusion de la culture et une participation communautaire efficace au service de la communaut\u00e9 dans tous les domaines et sous les auspices du dr. Youssef Gharabawy, recteur de l\u2019Universit\u00e9 du Sud de la Vall\u00e9e, Dr. Shima Al Qassas, pr\u00e9sidente du conseil d\u2019administration de l\u2019assembl\u00e9e&nbsp; de Watten pour le d\u00e9veloppement local, a honor\u00e9 et a offert le bouclier de l\u2019Association au dr. Youssef Gharbawy, recteur de l\u2019Universit\u00e9, en pr\u00e9sence du dr. Ahmed Kamal Nassary, vice- recteur de l\u2019Universit\u00e9 pour le service communautaire et les affaires de d\u00e9veloppement environnemental, et dr. Hesham Essa, directeur des programmes, centre consultatif pour le d\u00e9veloppement, et l\u2019ing\u00e9nieur Assad Mohammed, directeur du bureau de l\u2019Autorit\u00e9 de l\u2019environnement \u00e0 Q\u00e9na.<\/p>\n<p><img decoding=\"async\" loading=\"lazy\" class=\"\" src=\"https:\/\/www.svu.edu.eg\/faculties\/mass\/wp-content\/uploads\/2023\/01\/f59.jpg\" width=\"433\" height=\"325\"><img decoding=\"async\" loading=\"lazy\" class=\"\" src=\"https:\/\/www.svu.edu.eg\/faculties\/mass\/wp-content\/uploads\/2023\/01\/b30.jpg\" width=\"435\" height=\"326\"><\/p>\n","protected":false},"excerpt":{"rendered":"<p>Dans le cadre de l\u2019int\u00e9r\u00eat de l\u2019Universit\u00e9 pour la diffusion de la culture et une participation communautaire efficace au service de la communaut\u00e9 dans tous les domaines et sous les [&hellip;]<\/p>\n","protected":false},"author":2,"featured_media":13086,"comment_status":"closed","ping_status":"closed","sticky":false,"template":"","format":"standard","meta":[],"categories":[65],"tags":[],"_links":{"self":[{"href":"https:\/\/www.svu.edu.eg\/faculties\/mass\/wp-json\/wp\/v2\/posts\/13125"}],"collection":[{"href":"https:\/\/www.svu.edu.eg\/faculties\/mass\/wp-json\/wp\/v2\/posts"}],"about":[{"href":"https:\/\/www.svu.edu.eg\/faculties\/mass\/wp-json\/wp\/v2\/types\/post"}],"author":[{"embeddable":true,"href":"https:\/\/www.svu.edu.eg\/faculties\/mass\/wp-json\/wp\/v2\/users\/2"}],"replies":[{"embeddable":true,"href":"https:\/\/www.svu.edu.eg\/faculties\/mass\/wp-json\/wp\/v2\/comments?post=13125"}],"version-history":[{"count":2,"href":"https:\/\/www.svu.edu.eg\/faculties\/mass\/wp-json\/wp\/v2\/posts\/13125\/revisions"}],"predecessor-version":[{"id":13127,"href":"https:\/\/www.svu.edu.eg\/faculties\/mass\/wp-json\/wp\/v2\/posts\/13125\/revisions\/13127"}],"wp:featuredmedia":[{"embeddable":true,"href":"https:\/\/www.svu.edu.eg\/faculties\/mass\/wp-json\/wp\/v2\/media\/13086"}],"wp:attachment":[{"href":"https:\/\/www.svu.edu.eg\/faculties\/mass\/wp-json\/wp\/v2\/media?parent=13125"}],"wp:term":[{"taxonomy":"category","embeddable":true,"href":"https:\/\/www.svu.edu.eg\/faculties\/mass\/wp-json\/wp\/v2\/categories?post=13125"},{"taxonomy":"post_tag","embeddable":true,"href":"https:\/\/www.svu.edu.eg\/faculties\/mass\/wp-json\/wp\/v2\/tags?post=13125"}],"curies":[{"name":"wp","href":"https:\/\/api.w.org\/{rel}","templated":true}]}}