{"id":11936,"date":"2022-08-31T08:48:14","date_gmt":"2022-08-31T08:48:14","guid":{"rendered":"https:\/\/www.svu.edu.eg\/faculties\/mass\/?p=11936"},"modified":"2022-09-06T08:52:35","modified_gmt":"2022-09-06T08:52:35","slug":"preparation-de-la-nouvelle-annee-academique","status":"publish","type":"post","link":"https:\/\/www.svu.edu.eg\/faculties\/mass\/fr\/preparation-de-la-nouvelle-annee-academique\/","title":{"rendered":"Pr\u00e9paration de la nouvelle ann\u00e9e acad\u00e9mique"},"content":{"rendered":"<p>Dr. Youssef Gharabawy, recteur de l\u2019Universit\u00e9 du Sud de la Vall\u00e9e, a rencontr\u00e9 les doyens des facult\u00e9s pour discuter de la pr\u00e9paration finale pour la nouvelle ann\u00e9e universitaire en ce qui a trait \u00e0 l\u2019\u00e9laboration du livre universitaire, des laboratoires d\u2019informatique, des calendriers d\u2019\u00e9tudes et des \u00a0salles de conf\u00e9rences dans le cadre du syst\u00e8me de transformation num\u00e9rique des \u00e9tablissements d\u2019enseignement sup\u00e9rieur, en pr\u00e9sence du dr. Ahmed Nassary, vice-recteur de l&#8217;Universit\u00e9 pour le service communautaire et le d\u00e9veloppement environnemental et dr. Badawy Shahat, vice-recteur de l&#8217;Universit\u00e9 pour les affaires \u00e9ducatives et \u00e9tudiantes.<\/p>\n<p><img decoding=\"async\" loading=\"lazy\" class=\"aligncenter\" src=\"https:\/\/www.svu.edu.eg\/faculties\/mass\/wp-content\/uploads\/2022\/08\/9b0b2cd.jpg\" width=\"455\" height=\"303\" \/><img decoding=\"async\" loading=\"lazy\" class=\"aligncenter\" src=\"https:\/\/www.svu.edu.eg\/faculties\/mass\/wp-content\/uploads\/2022\/08\/125c9321.jpg\" width=\"450\" height=\"300\" \/><\/p>\n","protected":false},"excerpt":{"rendered":"<p>Dr. Youssef Gharabawy, recteur de l\u2019Universit\u00e9 du Sud de la Vall\u00e9e, a rencontr\u00e9 les doyens des facult\u00e9s pour discuter de la pr\u00e9paration finale pour la nouvelle ann\u00e9e universitaire en ce [&hellip;]<\/p>\n","protected":false},"author":2,"featured_media":11904,"comment_status":"closed","ping_status":"closed","sticky":false,"template":"","format":"standard","meta":[],"categories":[65],"tags":[],"_links":{"self":[{"href":"https:\/\/www.svu.edu.eg\/faculties\/mass\/wp-json\/wp\/v2\/posts\/11936"}],"collection":[{"href":"https:\/\/www.svu.edu.eg\/faculties\/mass\/wp-json\/wp\/v2\/posts"}],"about":[{"href":"https:\/\/www.svu.edu.eg\/faculties\/mass\/wp-json\/wp\/v2\/types\/post"}],"author":[{"embeddable":true,"href":"https:\/\/www.svu.edu.eg\/faculties\/mass\/wp-json\/wp\/v2\/users\/2"}],"replies":[{"embeddable":true,"href":"https:\/\/www.svu.edu.eg\/faculties\/mass\/wp-json\/wp\/v2\/comments?post=11936"}],"version-history":[{"count":3,"href":"https:\/\/www.svu.edu.eg\/faculties\/mass\/wp-json\/wp\/v2\/posts\/11936\/revisions"}],"predecessor-version":[{"id":11939,"href":"https:\/\/www.svu.edu.eg\/faculties\/mass\/wp-json\/wp\/v2\/posts\/11936\/revisions\/11939"}],"wp:featuredmedia":[{"embeddable":true,"href":"https:\/\/www.svu.edu.eg\/faculties\/mass\/wp-json\/wp\/v2\/media\/11904"}],"wp:attachment":[{"href":"https:\/\/www.svu.edu.eg\/faculties\/mass\/wp-json\/wp\/v2\/media?parent=11936"}],"wp:term":[{"taxonomy":"category","embeddable":true,"href":"https:\/\/www.svu.edu.eg\/faculties\/mass\/wp-json\/wp\/v2\/categories?post=11936"},{"taxonomy":"post_tag","embeddable":true,"href":"https:\/\/www.svu.edu.eg\/faculties\/mass\/wp-json\/wp\/v2\/tags?post=11936"}],"curies":[{"name":"wp","href":"https:\/\/api.w.org\/{rel}","templated":true}]}}