{"id":10012,"date":"2022-01-15T19:38:57","date_gmt":"2022-01-15T19:38:57","guid":{"rendered":"http:\/\/www.svu.edu.eg\/faculties\/mass\/?p=10012"},"modified":"2022-01-16T19:41:44","modified_gmt":"2022-01-16T19:41:44","slug":"le-recteur-de-luniversite-inspecte-les-travaux-des-examens-a-la-faculte-de-media-et-communication-2","status":"publish","type":"post","link":"https:\/\/www.svu.edu.eg\/faculties\/mass\/fr\/le-recteur-de-luniversite-inspecte-les-travaux-des-examens-a-la-faculte-de-media-et-communication-2\/","title":{"rendered":"Le recteur de l&#8217;Universit\u00e9 inspecte les travaux des examens \u00e0 la facult\u00e9 de m\u00e9dia et communication"},"content":{"rendered":"<p>Dans le cadre des visites d&#8217;inspection des examens de l&#8217;Universit\u00e9 effectu\u00e9es par dr. Youssef Gharabawy, recteur de l&#8217;Universit\u00e9 du Sud de la vall\u00e9e, il a inspect\u00e9 les travaux d&#8217;examens \u00e0 la facult\u00e9 de m\u00e9dia et communication, &nbsp;accompagn\u00e9 par dr. Ahmed Kamal Nassary, vice-recteur de l&#8217;Universit\u00e9 pour le service communautaire et le d\u00e9veloppement environnemental et dr. Khalid Saad, doyen de la facult\u00e9 . Au cours de la visite, le recteur a salu\u00e9 de la bonne organisation des examens et de l\u2019application des mesures de pr\u00e9caution. &nbsp;En autre part, il a d\u00e9clar\u00e9 que le professeur de chaque sujet avait \u00e9t\u00e9 alert\u00e9 d\u2019\u00eatre dans le comit\u00e9 pour r\u00e9pondre \u00e0 toute demande des \u00e9tudiants. Il a soulign\u00e9 que les travaux de correction &nbsp;commenceront apr\u00e8s la fin de l&#8217;examen de chaque mati\u00e8re en vue de l\u2019annonce des r\u00e9sultats imm\u00e9diatement apr\u00e8s la fin des examens.<\/p>\n<p><img decoding=\"async\" loading=\"lazy\" class=\"\" src=\"http:\/\/www.svu.edu.eg\/faculties\/mass\/wp-content\/uploads\/2022\/01\/ww.jpg\" width=\"336\" height=\"224\"><img decoding=\"async\" loading=\"lazy\" class=\"\" src=\"http:\/\/www.svu.edu.eg\/faculties\/mass\/wp-content\/uploads\/2022\/01\/w.jpg\" width=\"332\" height=\"221\"><\/p>\n<p><img decoding=\"async\" loading=\"lazy\" class=\"\" src=\"http:\/\/www.svu.edu.eg\/faculties\/mass\/wp-content\/uploads\/2022\/01\/2-1.jpg\" width=\"335\" height=\"223\"><img decoding=\"async\" loading=\"lazy\" class=\"\" src=\"http:\/\/www.svu.edu.eg\/faculties\/mass\/wp-content\/uploads\/2022\/01\/q.jpg\" width=\"337\" height=\"224\"><\/p>\n","protected":false},"excerpt":{"rendered":"<p>Dans le cadre des visites d&#8217;inspection des examens de l&#8217;Universit\u00e9 effectu\u00e9es par dr. Youssef Gharabawy, recteur de l&#8217;Universit\u00e9 du Sud de la vall\u00e9e, il a inspect\u00e9 les travaux d&#8217;examens \u00e0 [&hellip;]<\/p>\n","protected":false},"author":2,"featured_media":10000,"comment_status":"closed","ping_status":"open","sticky":false,"template":"","format":"standard","meta":[],"categories":[65],"tags":[],"_links":{"self":[{"href":"https:\/\/www.svu.edu.eg\/faculties\/mass\/wp-json\/wp\/v2\/posts\/10012"}],"collection":[{"href":"https:\/\/www.svu.edu.eg\/faculties\/mass\/wp-json\/wp\/v2\/posts"}],"about":[{"href":"https:\/\/www.svu.edu.eg\/faculties\/mass\/wp-json\/wp\/v2\/types\/post"}],"author":[{"embeddable":true,"href":"https:\/\/www.svu.edu.eg\/faculties\/mass\/wp-json\/wp\/v2\/users\/2"}],"replies":[{"embeddable":true,"href":"https:\/\/www.svu.edu.eg\/faculties\/mass\/wp-json\/wp\/v2\/comments?post=10012"}],"version-history":[{"count":2,"href":"https:\/\/www.svu.edu.eg\/faculties\/mass\/wp-json\/wp\/v2\/posts\/10012\/revisions"}],"predecessor-version":[{"id":10014,"href":"https:\/\/www.svu.edu.eg\/faculties\/mass\/wp-json\/wp\/v2\/posts\/10012\/revisions\/10014"}],"wp:featuredmedia":[{"embeddable":true,"href":"https:\/\/www.svu.edu.eg\/faculties\/mass\/wp-json\/wp\/v2\/media\/10000"}],"wp:attachment":[{"href":"https:\/\/www.svu.edu.eg\/faculties\/mass\/wp-json\/wp\/v2\/media?parent=10012"}],"wp:term":[{"taxonomy":"category","embeddable":true,"href":"https:\/\/www.svu.edu.eg\/faculties\/mass\/wp-json\/wp\/v2\/categories?post=10012"},{"taxonomy":"post_tag","embeddable":true,"href":"https:\/\/www.svu.edu.eg\/faculties\/mass\/wp-json\/wp\/v2\/tags?post=10012"}],"curies":[{"name":"wp","href":"https:\/\/api.w.org\/{rel}","templated":true}]}}