{"id":9231,"date":"2022-04-21T07:54:49","date_gmt":"2022-04-21T07:54:49","guid":{"rendered":"http:\/\/www.svu.edu.eg\/faculties\/fci\/?p=9231"},"modified":"2022-05-07T08:11:53","modified_gmt":"2022-05-07T08:11:53","slug":"luniversite-du-sud-de-la-vallee-annonce-les-laureats-de-ses-prix-dexcellence-du-gouvernement","status":"publish","type":"post","link":"https:\/\/www.svu.edu.eg\/faculties\/fci\/fr\/luniversite-du-sud-de-la-vallee-annonce-les-laureats-de-ses-prix-dexcellence-du-gouvernement\/","title":{"rendered":"L\u2019Universit\u00e9 du sud de la vall\u00e9e annonce les laur\u00e9ats de ses Prix d\u2019excellence du gouvernement"},"content":{"rendered":"<p>Dr. Youssef Garbawy, Pr\u00e9sident de l\u2019Universit\u00e9 du sud de la vall\u00e9e, a annonc\u00e9 les laur\u00e9ats des Prix d\u2019excellence du gouvernement de l\u2019Universit\u00e9 du sud de la vall\u00e9e dans le cadre de concours organis\u00e9s en coop\u00e9ration avec le minist\u00e8re de la Planification et du D\u00e9veloppement \u00e9conomique et le Conseil sup\u00e9rieur des universit\u00e9s conform\u00e9ment aux normes suivies par le Prix Egypte pour l\u2019excellence gouvernementale.<br \/>\nLe recteur de l\u2019Universit\u00e9 a confirm\u00e9 que l\u2019Universit\u00e9 souhaitait \u00e9tablir le Prix d\u2019excellence du gouvernement dans plusieurs cat\u00e9gories dans le cadre des orientations nationales en \u00e9tablissant des prix internes pour l\u2019excellence dans diverses institutions gouvernementales afin d\u2019am\u00e9liorer comp\u00e9titivit\u00e9 et am\u00e9liorer la qualit\u00e9 des services<\/p>\n<p>Le pr\u00e9sident de l\u2019Universit\u00e9 a soulign\u00e9 que le concours du meilleur prix de coll\u00e8ge a abouti \u00e0 la facult\u00e9 de m\u00e9decine gagnant la premi\u00e8re place et le coll\u00e8ge de m\u00e9decine v\u00e9t\u00e9rinaire la deuxi\u00e8me place et le coll\u00e8ge de soins infirmiers la troisi\u00e8me place .<\/p>\n<p>Le pr\u00e9sident de l\u2019Universit\u00e9 a soulign\u00e9 que le concours du meilleur prix de coll\u00e8ge a abouti \u00e0 la facult\u00e9 de m\u00e9decine gagnant la premi\u00e8re place et le coll\u00e8ge de m\u00e9decine v\u00e9t\u00e9rinaire la deuxi\u00e8me place et le coll\u00e8ge de soins infirmiers la troisi\u00e8me place<\/p>\n","protected":false},"excerpt":{"rendered":"<p>Dr. Youssef Garbawy, Pr\u00e9sident de l\u2019Universit\u00e9 du sud de la vall\u00e9e, a annonc\u00e9 les laur\u00e9ats des Prix d\u2019excellence du gouvernement de l\u2019Universit\u00e9 du sud de la vall\u00e9e dans le cadre [&hellip;]<\/p>\n","protected":false},"author":2,"featured_media":9226,"comment_status":"open","ping_status":"open","sticky":false,"template":"","format":"standard","meta":[],"categories":[62],"tags":[],"jetpack_featured_media_url":"https:\/\/i0.wp.com\/www.svu.edu.eg\/faculties\/fci\/wp-content\/uploads\/2022\/04\/h-720x380.jpeg?fit=720%2C380&ssl=1","_links":{"self":[{"href":"https:\/\/www.svu.edu.eg\/faculties\/fci\/wp-json\/wp\/v2\/posts\/9231"}],"collection":[{"href":"https:\/\/www.svu.edu.eg\/faculties\/fci\/wp-json\/wp\/v2\/posts"}],"about":[{"href":"https:\/\/www.svu.edu.eg\/faculties\/fci\/wp-json\/wp\/v2\/types\/post"}],"author":[{"embeddable":true,"href":"https:\/\/www.svu.edu.eg\/faculties\/fci\/wp-json\/wp\/v2\/users\/2"}],"replies":[{"embeddable":true,"href":"https:\/\/www.svu.edu.eg\/faculties\/fci\/wp-json\/wp\/v2\/comments?post=9231"}],"version-history":[{"count":2,"href":"https:\/\/www.svu.edu.eg\/faculties\/fci\/wp-json\/wp\/v2\/posts\/9231\/revisions"}],"predecessor-version":[{"id":9234,"href":"https:\/\/www.svu.edu.eg\/faculties\/fci\/wp-json\/wp\/v2\/posts\/9231\/revisions\/9234"}],"wp:featuredmedia":[{"embeddable":true,"href":"https:\/\/www.svu.edu.eg\/faculties\/fci\/wp-json\/wp\/v2\/media\/9226"}],"wp:attachment":[{"href":"https:\/\/www.svu.edu.eg\/faculties\/fci\/wp-json\/wp\/v2\/media?parent=9231"}],"wp:term":[{"taxonomy":"category","embeddable":true,"href":"https:\/\/www.svu.edu.eg\/faculties\/fci\/wp-json\/wp\/v2\/categories?post=9231"},{"taxonomy":"post_tag","embeddable":true,"href":"https:\/\/www.svu.edu.eg\/faculties\/fci\/wp-json\/wp\/v2\/tags?post=9231"}],"curies":[{"name":"wp","href":"https:\/\/api.w.org\/{rel}","templated":true}]}}