{"id":9011,"date":"2022-03-29T07:23:24","date_gmt":"2022-03-29T07:23:24","guid":{"rendered":"http:\/\/www.svu.edu.eg\/faculties\/fci\/?p=9011"},"modified":"2022-03-31T07:26:54","modified_gmt":"2022-03-31T07:26:54","slug":"luniversite-du-sud-de-la-vallee-est-impliquee-dans-lhonneur-des-meres-de-la-representation-biologique","status":"publish","type":"post","link":"https:\/\/www.svu.edu.eg\/faculties\/fci\/fr\/luniversite-du-sud-de-la-vallee-est-impliquee-dans-lhonneur-des-meres-de-la-representation-biologique\/","title":{"rendered":"L\u2019Universit\u00e9 du sud de la vall\u00e9e est impliqu\u00e9e dans l\u2019honneur des m\u00e8res de la repr\u00e9sentation biologique."},"content":{"rendered":"<p>Au nom Dr . Yusuf Ghorbawi, pr\u00e9sident de l\u2019Universit\u00e9 de l\u2019Oued Sud, M. Ahmed Kamal Nasari, vice-pr\u00e9sident de l\u2019Universit\u00e9 pour le service communautaire et le d\u00e9veloppement environnemental, a particip\u00e9 \u00e0 une c\u00e9r\u00e9monie en l\u2019honneur des m\u00e8res de la repr\u00e9sentation des enfants dans le cadre de l\u2019initiative pku lanc\u00e9e en coop\u00e9ration entre la Province de Qana et les D\u00e9partements de Sant\u00e9, Solidarit\u00e9 et Logistique.<br \/>\nSous les auspices et en pr\u00e9sence du G\u00e9n\u00e9ral Ashraf Al-Daoudi, du Gouverneur de Qana, Dr. Raji Tawadros, Sous-Secr\u00e9taire du Minist\u00e8re de la Sant\u00e9, Hassan Osman, Sous-Secr\u00e9taire du D\u00e9partement de la Solidarit\u00e9, Ahmed, Sous-Secr\u00e9taire \u00e0 l\u2019Approvisionnement, et Colonel Mohamed Nimgho, Conseiller militaire .<\/p>\n<p>Il \u00e9tait tr\u00e8s heureux d\u2019honorer un certain nombre d\u2019exemples honorables de grandes m\u00e8res qui ont pris soin de leurs enfants \u00e0 partir de leurs patients et les ont aid\u00e9s \u00e0 vivre une vie normale.<br \/>\nLe vice-recteur de l\u2019Universit\u00e9, M. Ahmed Kamal Nasari, a transmis les salutations du recteur de l\u2019Universit\u00e9, M. Youssef Ghorbawi.<\/p>\n","protected":false},"excerpt":{"rendered":"<p>Au nom Dr . Yusuf Ghorbawi, pr\u00e9sident de l\u2019Universit\u00e9 de l\u2019Oued Sud, M. Ahmed Kamal Nasari, vice-pr\u00e9sident de l\u2019Universit\u00e9 pour le service communautaire et le d\u00e9veloppement environnemental, a particip\u00e9 \u00e0 [&hellip;]<\/p>\n","protected":false},"author":2,"featured_media":8986,"comment_status":"open","ping_status":"open","sticky":false,"template":"","format":"standard","meta":[],"categories":[62],"tags":[],"jetpack_featured_media_url":"https:\/\/i0.wp.com\/www.svu.edu.eg\/faculties\/fci\/wp-content\/uploads\/2022\/03\/1-6-2.jpeg?fit=1280%2C853&ssl=1","_links":{"self":[{"href":"https:\/\/www.svu.edu.eg\/faculties\/fci\/wp-json\/wp\/v2\/posts\/9011"}],"collection":[{"href":"https:\/\/www.svu.edu.eg\/faculties\/fci\/wp-json\/wp\/v2\/posts"}],"about":[{"href":"https:\/\/www.svu.edu.eg\/faculties\/fci\/wp-json\/wp\/v2\/types\/post"}],"author":[{"embeddable":true,"href":"https:\/\/www.svu.edu.eg\/faculties\/fci\/wp-json\/wp\/v2\/users\/2"}],"replies":[{"embeddable":true,"href":"https:\/\/www.svu.edu.eg\/faculties\/fci\/wp-json\/wp\/v2\/comments?post=9011"}],"version-history":[{"count":1,"href":"https:\/\/www.svu.edu.eg\/faculties\/fci\/wp-json\/wp\/v2\/posts\/9011\/revisions"}],"predecessor-version":[{"id":9012,"href":"https:\/\/www.svu.edu.eg\/faculties\/fci\/wp-json\/wp\/v2\/posts\/9011\/revisions\/9012"}],"wp:featuredmedia":[{"embeddable":true,"href":"https:\/\/www.svu.edu.eg\/faculties\/fci\/wp-json\/wp\/v2\/media\/8986"}],"wp:attachment":[{"href":"https:\/\/www.svu.edu.eg\/faculties\/fci\/wp-json\/wp\/v2\/media?parent=9011"}],"wp:term":[{"taxonomy":"category","embeddable":true,"href":"https:\/\/www.svu.edu.eg\/faculties\/fci\/wp-json\/wp\/v2\/categories?post=9011"},{"taxonomy":"post_tag","embeddable":true,"href":"https:\/\/www.svu.edu.eg\/faculties\/fci\/wp-json\/wp\/v2\/tags?post=9011"}],"curies":[{"name":"wp","href":"https:\/\/api.w.org\/{rel}","templated":true}]}}