{"id":8662,"date":"2022-01-24T20:40:20","date_gmt":"2022-01-24T20:40:20","guid":{"rendered":"http:\/\/www.svu.edu.eg\/faculties\/fci\/?p=8662"},"modified":"2022-01-24T20:40:33","modified_gmt":"2022-01-24T20:40:33","slug":"le-president-de-luniversite-de-la-vallee-du-sud-participera-demain-a-un-atelier-en-marge-du-conseil-superieur-des-universites-de-luniversite-dassouan","status":"publish","type":"post","link":"https:\/\/www.svu.edu.eg\/faculties\/fci\/fr\/le-president-de-luniversite-de-la-vallee-du-sud-participera-demain-a-un-atelier-en-marge-du-conseil-superieur-des-universites-de-luniversite-dassouan\/","title":{"rendered":"Le pr\u00e9sident de l&#8217;universit\u00e9 de la vall\u00e9e du sud participera demain \u00e0 un atelier en marge du Conseil sup\u00e9rieur des universit\u00e9s de l\u2019Universit\u00e9 d\u2019Assouan."},"content":{"rendered":"<p>Dr. Youssef Ghorbawi, Pr\u00e9sident de l\u2019Universit\u00e9 de la Vall\u00e9e du Sud, a particip\u00e9 \u00e0 un atelier pour \u00e9tablir des programmes Ben\u00e9 dans les universit\u00e9s \u00e9gyptiennes aux niveaux de premier cycle et de troisi\u00e8me cycle.&nbsp;Ces programmes r\u00e9pondent aux besoins du march\u00e9 du travail en mati\u00e8re de dipl\u00f4m\u00e9s qualifi\u00e9s pour combler ces postes.&nbsp;Ces programmes sont \u00e9labor\u00e9s en fonction des besoins du march\u00e9 du travail et combinent plus d\u2019une sp\u00e9cialit\u00e9 en un seul programme.<\/p>\n","protected":false},"excerpt":{"rendered":"<p>Dr. Youssef Ghorbawi, Pr\u00e9sident de l\u2019Universit\u00e9 de la Vall\u00e9e du Sud, a particip\u00e9 \u00e0 un atelier pour \u00e9tablir des programmes Ben\u00e9 dans les universit\u00e9s \u00e9gyptiennes aux niveaux de premier cycle [&hellip;]<\/p>\n","protected":false},"author":2,"featured_media":8646,"comment_status":"open","ping_status":"open","sticky":false,"template":"","format":"standard","meta":[],"categories":[62],"tags":[],"jetpack_featured_media_url":"https:\/\/i0.wp.com\/www.svu.edu.eg\/faculties\/fci\/wp-content\/uploads\/2022\/01\/WhatsApp-Image-2022-01-21-at-11.51.04-PM1.jpeg?fit=1094%2C867&ssl=1","_links":{"self":[{"href":"https:\/\/www.svu.edu.eg\/faculties\/fci\/wp-json\/wp\/v2\/posts\/8662"}],"collection":[{"href":"https:\/\/www.svu.edu.eg\/faculties\/fci\/wp-json\/wp\/v2\/posts"}],"about":[{"href":"https:\/\/www.svu.edu.eg\/faculties\/fci\/wp-json\/wp\/v2\/types\/post"}],"author":[{"embeddable":true,"href":"https:\/\/www.svu.edu.eg\/faculties\/fci\/wp-json\/wp\/v2\/users\/2"}],"replies":[{"embeddable":true,"href":"https:\/\/www.svu.edu.eg\/faculties\/fci\/wp-json\/wp\/v2\/comments?post=8662"}],"version-history":[{"count":2,"href":"https:\/\/www.svu.edu.eg\/faculties\/fci\/wp-json\/wp\/v2\/posts\/8662\/revisions"}],"predecessor-version":[{"id":8665,"href":"https:\/\/www.svu.edu.eg\/faculties\/fci\/wp-json\/wp\/v2\/posts\/8662\/revisions\/8665"}],"wp:featuredmedia":[{"embeddable":true,"href":"https:\/\/www.svu.edu.eg\/faculties\/fci\/wp-json\/wp\/v2\/media\/8646"}],"wp:attachment":[{"href":"https:\/\/www.svu.edu.eg\/faculties\/fci\/wp-json\/wp\/v2\/media?parent=8662"}],"wp:term":[{"taxonomy":"category","embeddable":true,"href":"https:\/\/www.svu.edu.eg\/faculties\/fci\/wp-json\/wp\/v2\/categories?post=8662"},{"taxonomy":"post_tag","embeddable":true,"href":"https:\/\/www.svu.edu.eg\/faculties\/fci\/wp-json\/wp\/v2\/tags?post=8662"}],"curies":[{"name":"wp","href":"https:\/\/api.w.org\/{rel}","templated":true}]}}