{"id":7022,"date":"2021-10-09T09:10:16","date_gmt":"2021-10-09T09:10:16","guid":{"rendered":"http:\/\/www.svu.edu.eg\/faculties\/fci\/?p=7022"},"modified":"2021-10-10T09:15:42","modified_gmt":"2021-10-10T09:15:42","slug":"le-president-de-luniversite-de-la-vallee-du-sud-annonce-les-preparatifs-de-luniversite-pour-la-nouvelle-annee-universitaire","status":"publish","type":"post","link":"https:\/\/www.svu.edu.eg\/faculties\/fci\/fr\/le-president-de-luniversite-de-la-vallee-du-sud-annonce-les-preparatifs-de-luniversite-pour-la-nouvelle-annee-universitaire\/","title":{"rendered":"Le Pr\u00e9sident de l\u2019Universit\u00e9 de la Vall\u00e9e du Sud annonce les pr\u00e9paratifs de l\u2019Universit\u00e9 pour la nouvelle ann\u00e9e universitaire."},"content":{"rendered":"<div class=\"search-main-wrap search-long\">\n<div class=\"translation-wrap clearfix\">\n<div class=\"right-side-wrap\">\n<div id=\"trtext\">\n<div class=\"search-main-wrap search-long\">\n<div class=\"translation-wrap clearfix\">\n<div class=\"right-side-wrap\">\n<div id=\"trtext\">Dr. Youssef Garbawi, Pr\u00e9sident de l\u2019Universit\u00e9 de la Vall\u00e9e du Sud, a annonc\u00e9 que l\u2019Universit\u00e9 est pr\u00eate pour la prochaine ann\u00e9e universitaire, tant au niveau des installations \u00e9tablies et entretenues au cours de la p\u00e9riode pass\u00e9e dans les diff\u00e9rentes facult\u00e9s de l\u2019Universit\u00e9 et les villes universitaires, et au niveau des plans d\u2019\u00e9tudes pour l\u2019Universit\u00e9 de remplir sa mission de pr\u00e9parer un dipl\u00f4m\u00e9 capable de suivre le rythme des temps, de participer aux plans de d\u00e9veloppement globaux adopt\u00e9s par l\u2019\u00c9tat et d\u2019\u00eatre un concurrent sur le march\u00e9 du travail.<\/div>\n<\/div>\n<\/div>\n<\/div>\n<div class=\"newsearch vertical dnone\">\n<div class=\"leftpart\">Le recteur a soulign\u00e9 l\u2019ach\u00e8vement de toutes les mesures de pr\u00e9caution contre le coronavirus, notant que l\u2019Universit\u00e9 de la Vall\u00e9e du Sud avait une grande exp\u00e9rience dans l\u2019utilisation de mesures de pr\u00e9caution compl\u00e8tes pour assurer la s\u00e9curit\u00e9 des \u00e9tudiants en appliquant l\u2019espacement, st\u00e9riliser quotidiennement les salles et les terrasses, et fournir des graffitis continus aux \u00e9tudiants.<\/div>\n<div><span id=\"s2_1\">Le recteur a indiqu\u00e9 que l\u2019Universit\u00e9 avait pris toutes les mesures n\u00e9cessaires pour fournir des points de vaccination \u00e0 tous ses membres. Il avait termin\u00e9 la vaccination d\u2019environ 70% des professeurs, de leur personnel, des \u00e9tudiants et du syst\u00e8me administratif.<\/span><br \/>\n<span id=\"s2_2\">Le Dr Youssef Ghorbawi a \u00e9galement confirm\u00e9 que la porte de son bureau \u00e9tait ouverte 10 heures par jour afin d\u2019entendre les plaintes de tous les agents universitaires et non universitaires ainsi que la capacit\u00e9 de r\u00e9tablir les droits dans un court laps de temps.<\/span><\/div>\n<\/div>\n<\/div>\n<\/div>\n<\/div>\n<\/div>\n<div class=\"newsearch vertical dnone\">\n<div class=\"leftpart\"><\/div>\n<\/div>\n","protected":false},"excerpt":{"rendered":"<p>Dr. Youssef Garbawi, Pr\u00e9sident de l\u2019Universit\u00e9 de la Vall\u00e9e du Sud, a annonc\u00e9 que l\u2019Universit\u00e9 est pr\u00eate pour la prochaine ann\u00e9e universitaire, tant au niveau des installations \u00e9tablies et entretenues [&hellip;]<\/p>\n","protected":false},"author":2,"featured_media":6994,"comment_status":"open","ping_status":"open","sticky":false,"template":"","format":"standard","meta":[],"categories":[62],"tags":[],"jetpack_featured_media_url":"https:\/\/i0.wp.com\/www.svu.edu.eg\/faculties\/fci\/wp-content\/uploads\/2021\/10\/WhatsApp-Image-2021-10-07-at-4.08.11-PM.jpeg?fit=1280%2C853&ssl=1","_links":{"self":[{"href":"https:\/\/www.svu.edu.eg\/faculties\/fci\/wp-json\/wp\/v2\/posts\/7022"}],"collection":[{"href":"https:\/\/www.svu.edu.eg\/faculties\/fci\/wp-json\/wp\/v2\/posts"}],"about":[{"href":"https:\/\/www.svu.edu.eg\/faculties\/fci\/wp-json\/wp\/v2\/types\/post"}],"author":[{"embeddable":true,"href":"https:\/\/www.svu.edu.eg\/faculties\/fci\/wp-json\/wp\/v2\/users\/2"}],"replies":[{"embeddable":true,"href":"https:\/\/www.svu.edu.eg\/faculties\/fci\/wp-json\/wp\/v2\/comments?post=7022"}],"version-history":[{"count":1,"href":"https:\/\/www.svu.edu.eg\/faculties\/fci\/wp-json\/wp\/v2\/posts\/7022\/revisions"}],"predecessor-version":[{"id":7023,"href":"https:\/\/www.svu.edu.eg\/faculties\/fci\/wp-json\/wp\/v2\/posts\/7022\/revisions\/7023"}],"wp:featuredmedia":[{"embeddable":true,"href":"https:\/\/www.svu.edu.eg\/faculties\/fci\/wp-json\/wp\/v2\/media\/6994"}],"wp:attachment":[{"href":"https:\/\/www.svu.edu.eg\/faculties\/fci\/wp-json\/wp\/v2\/media?parent=7022"}],"wp:term":[{"taxonomy":"category","embeddable":true,"href":"https:\/\/www.svu.edu.eg\/faculties\/fci\/wp-json\/wp\/v2\/categories?post=7022"},{"taxonomy":"post_tag","embeddable":true,"href":"https:\/\/www.svu.edu.eg\/faculties\/fci\/wp-json\/wp\/v2\/tags?post=7022"}],"curies":[{"name":"wp","href":"https:\/\/api.w.org\/{rel}","templated":true}]}}