{"id":10353,"date":"2022-12-15T09:16:25","date_gmt":"2022-12-15T09:16:25","guid":{"rendered":"http:\/\/www.svu.edu.eg\/faculties\/fci\/?p=10353"},"modified":"2022-12-17T10:33:06","modified_gmt":"2022-12-17T10:33:06","slug":"ensemble-concours-pour-les-etudiants-des-universites-et-des-instituts-pour-produire-de-courtes-videos-pour-sensibiliser","status":"publish","type":"post","link":"https:\/\/www.svu.edu.eg\/faculties\/fci\/fr\/ensemble-concours-pour-les-etudiants-des-universites-et-des-instituts-pour-produire-de-courtes-videos-pour-sensibiliser\/","title":{"rendered":"&#8220;Ensemble.&#8221; Concours pour les \u00e9tudiants des universit\u00e9s et des instituts pour produire de courtes vid\u00e9os pour sensibiliser"},"content":{"rendered":"<p>\u00c0 la lumi\u00e8re de la confrontation d\u2019id\u00e9es in\u00e9gales, incompatibles avec des croyances religieuses tol\u00e9rantes, et de l\u2019h\u00e9ritage culturel et soci\u00e9tal inh\u00e9rent du peuple \u00e9gyptien.<\/p>\n<p>Le Minist\u00e8re de l\u2019enseignement sup\u00e9rieur et de la recherche scientifique annonce le lancement d\u2019un concours sous les auspices Dr. Ayman Ashour, Ministre de l\u2019enseignement sup\u00e9rieur et de la recherche scientifique, pour produire une courte vid\u00e9o, d\u2019une dur\u00e9e d\u2019au plus une minute aide face aux id\u00e9es destructrices.<\/p>\n<p>Le concours s\u2019inscrit dans le grand int\u00e9r\u00eat du Minist\u00e8re de construire l\u2019\u00e9galit\u00e9 de la personnalit\u00e9 des jeunes, d\u2019approfondir leur esprit de loyaut\u00e9 et d\u2019appartenance, de les fortifier contre les id\u00e9es in\u00e9gales et destructrices, et de cr\u00e9er une g\u00e9n\u00e9ration capable de construire et de cr\u00e9er de la cr\u00e9ativit\u00e9.<\/p>\n<p>Le travail soumis doit porter sur l\u2019un des th\u00e8mes suivants : (la diffusion d\u2019une culture de tol\u00e9rance et de coexistence, la paix sociale dans la soci\u00e9t\u00e9, le renforcement des valeurs de citoyennet\u00e9, la cons\u00e9cration des principes du centrisme et de la mod\u00e9ration, la lutte contre l\u2019extr\u00e9misme et la pens\u00e9e intellectuelle) .<\/p>\n","protected":false},"excerpt":{"rendered":"<p>\u00c0 la lumi\u00e8re de la confrontation d\u2019id\u00e9es in\u00e9gales, incompatibles avec des croyances religieuses tol\u00e9rantes, et de l\u2019h\u00e9ritage culturel et soci\u00e9tal inh\u00e9rent du peuple \u00e9gyptien. Le Minist\u00e8re de l\u2019enseignement sup\u00e9rieur et [&hellip;]<\/p>\n","protected":false},"author":2,"featured_media":10311,"comment_status":"open","ping_status":"open","sticky":false,"template":"","format":"standard","meta":[],"categories":[66,62],"tags":[],"jetpack_featured_media_url":"https:\/\/i0.wp.com\/www.svu.edu.eg\/faculties\/fci\/wp-content\/uploads\/2022\/12\/318337134_696086071874230_3495274469046815573_n.jpg?fit=1280%2C853&ssl=1","_links":{"self":[{"href":"https:\/\/www.svu.edu.eg\/faculties\/fci\/wp-json\/wp\/v2\/posts\/10353"}],"collection":[{"href":"https:\/\/www.svu.edu.eg\/faculties\/fci\/wp-json\/wp\/v2\/posts"}],"about":[{"href":"https:\/\/www.svu.edu.eg\/faculties\/fci\/wp-json\/wp\/v2\/types\/post"}],"author":[{"embeddable":true,"href":"https:\/\/www.svu.edu.eg\/faculties\/fci\/wp-json\/wp\/v2\/users\/2"}],"replies":[{"embeddable":true,"href":"https:\/\/www.svu.edu.eg\/faculties\/fci\/wp-json\/wp\/v2\/comments?post=10353"}],"version-history":[{"count":3,"href":"https:\/\/www.svu.edu.eg\/faculties\/fci\/wp-json\/wp\/v2\/posts\/10353\/revisions"}],"predecessor-version":[{"id":10357,"href":"https:\/\/www.svu.edu.eg\/faculties\/fci\/wp-json\/wp\/v2\/posts\/10353\/revisions\/10357"}],"wp:featuredmedia":[{"embeddable":true,"href":"https:\/\/www.svu.edu.eg\/faculties\/fci\/wp-json\/wp\/v2\/media\/10311"}],"wp:attachment":[{"href":"https:\/\/www.svu.edu.eg\/faculties\/fci\/wp-json\/wp\/v2\/media?parent=10353"}],"wp:term":[{"taxonomy":"category","embeddable":true,"href":"https:\/\/www.svu.edu.eg\/faculties\/fci\/wp-json\/wp\/v2\/categories?post=10353"},{"taxonomy":"post_tag","embeddable":true,"href":"https:\/\/www.svu.edu.eg\/faculties\/fci\/wp-json\/wp\/v2\/tags?post=10353"}],"curies":[{"name":"wp","href":"https:\/\/api.w.org\/{rel}","templated":true}]}}