{"id":5041,"date":"2021-01-13T07:57:20","date_gmt":"2021-01-13T07:57:20","guid":{"rendered":"http:\/\/www.svu.edu.eg\/faculties\/com\/?p=5041"},"modified":"2021-01-13T07:57:31","modified_gmt":"2021-01-13T07:57:31","slug":"le-president-de-luniversite-du-sud-de-la-vallee-felicite-les-freres-coptes-pour-le-noel-glorieux-7-janvier-2021","status":"publish","type":"post","link":"https:\/\/www.svu.edu.eg\/faculties\/com\/fr\/le-president-de-luniversite-du-sud-de-la-vallee-felicite-les-freres-coptes-pour-le-noel-glorieux-7-janvier-2021\/","title":{"rendered":"Le Pr\u00e9sident de l\u2019Universit\u00e9 du sud de la vall\u00e9e f\u00e9licite les fr\u00e8res coptes pour le No\u00ebl glorieux ,7 janvier 2021"},"content":{"rendered":"<p>&nbsp;<\/p>\n<p><span style=\"font-size: 18pt;\">Dr\/ Youssef Grapawi, pr\u00e9sident de l\u2019Universit\u00e9 du sud de la vall\u00e9e, a f\u00e9licit\u00e9 les fr\u00e8res coptes \u00e0 l\u2019occasion du Glorieux No\u00ebl, soulignant les liens forts entre le tissu de la nation unique des musulmans et des coptes, et leur appui \u00e0 l\u2019\u00c9tat \u00e9gyptien et \u00e0 toutes ses institutions pour parvenir \u00e0 un d\u00e9veloppement global.<\/span><\/p>\n<p><img decoding=\"async\" class=\"aligncenter\" src=\"https:\/\/www.svu.edu.eg\/faculties\/com\/wp-content\/uploads\/2021\/01\/acf7da11-87da-4e64-96d4-49e8466ff26b.jpg\"><\/p>\n","protected":false},"excerpt":{"rendered":"<p>&nbsp; Dr\/ Youssef Grapawi, pr\u00e9sident de l\u2019Universit\u00e9 du sud de la vall\u00e9e, a f\u00e9licit\u00e9 les fr\u00e8res coptes \u00e0 l\u2019occasion du Glorieux No\u00ebl, soulignant les liens forts entre le tissu de [&hellip;]<\/p>\n","protected":false},"author":2,"featured_media":5013,"comment_status":"open","ping_status":"open","sticky":false,"template":"","format":"standard","meta":[],"categories":[112],"tags":[],"_links":{"self":[{"href":"https:\/\/www.svu.edu.eg\/faculties\/com\/wp-json\/wp\/v2\/posts\/5041"}],"collection":[{"href":"https:\/\/www.svu.edu.eg\/faculties\/com\/wp-json\/wp\/v2\/posts"}],"about":[{"href":"https:\/\/www.svu.edu.eg\/faculties\/com\/wp-json\/wp\/v2\/types\/post"}],"author":[{"embeddable":true,"href":"https:\/\/www.svu.edu.eg\/faculties\/com\/wp-json\/wp\/v2\/users\/2"}],"replies":[{"embeddable":true,"href":"https:\/\/www.svu.edu.eg\/faculties\/com\/wp-json\/wp\/v2\/comments?post=5041"}],"version-history":[{"count":2,"href":"https:\/\/www.svu.edu.eg\/faculties\/com\/wp-json\/wp\/v2\/posts\/5041\/revisions"}],"predecessor-version":[{"id":5043,"href":"https:\/\/www.svu.edu.eg\/faculties\/com\/wp-json\/wp\/v2\/posts\/5041\/revisions\/5043"}],"wp:featuredmedia":[{"embeddable":true,"href":"https:\/\/www.svu.edu.eg\/faculties\/com\/wp-json\/wp\/v2\/media\/5013"}],"wp:attachment":[{"href":"https:\/\/www.svu.edu.eg\/faculties\/com\/wp-json\/wp\/v2\/media?parent=5041"}],"wp:term":[{"taxonomy":"category","embeddable":true,"href":"https:\/\/www.svu.edu.eg\/faculties\/com\/wp-json\/wp\/v2\/categories?post=5041"},{"taxonomy":"post_tag","embeddable":true,"href":"https:\/\/www.svu.edu.eg\/faculties\/com\/wp-json\/wp\/v2\/tags?post=5041"}],"curies":[{"name":"wp","href":"https:\/\/api.w.org\/{rel}","templated":true}]}}