{"id":5037,"date":"2021-01-13T07:46:22","date_gmt":"2021-01-13T07:46:22","guid":{"rendered":"http:\/\/www.svu.edu.eg\/faculties\/com\/?p=5037"},"modified":"2021-01-13T07:47:22","modified_gmt":"2021-01-13T07:47:22","slug":"session-du-conseil-de-faculte-de-la-commerce","status":"publish","type":"post","link":"https:\/\/www.svu.edu.eg\/faculties\/com\/fr\/session-du-conseil-de-faculte-de-la-commerce\/","title":{"rendered":"Session du Conseil de facult\u00e9 de la Commerce"},"content":{"rendered":"<p><span style=\"font-size: 18pt;\">Le Conseil de la Facult\u00e9 de Commerce s\u2019est r\u00e9uni ce lundi 11\/01\/2021 sous la pr\u00e9sidence Dr \/ Ahmed Akawi Abdul Aziz, Vice-Pr\u00e9sident de l\u2019Universit\u00e9 des etudes sup\u00e9rieurs \u00a0et Doyen de la Facult\u00e9, de prendre les d\u00e9cisions appropri\u00e9es sur les sujets dont le Conseil est saisi.<\/span><\/p>\n<p><img decoding=\"async\" loading=\"lazy\" class=\"aligncenter\" src=\"http:\/\/www.svu.edu.eg\/faculties\/com\/wp-content\/uploads\/2021\/01\/WhatsApp-Image-2021-01-11-at-1.24.41-PM-1024x768.jpeg\" width=\"688\" height=\"517\" \/><\/p>\n<p><img decoding=\"async\" loading=\"lazy\" class=\"aligncenter\" src=\"http:\/\/www.svu.edu.eg\/faculties\/com\/wp-content\/uploads\/2021\/01\/WhatsApp-Image-2021-01-11-at-12.33.36-PM-2-1024x768.jpeg\" width=\"687\" height=\"514\" \/><\/p>\n<p><img decoding=\"async\" loading=\"lazy\" class=\"aligncenter\" src=\"http:\/\/www.svu.edu.eg\/faculties\/com\/wp-content\/uploads\/2021\/01\/WhatsApp-Image-2021-01-11-at-12.33.36-PM-1024x768.jpeg\" width=\"678\" height=\"507\" \/><\/p>\n<p><img decoding=\"async\" loading=\"lazy\" class=\"aligncenter\" src=\"http:\/\/www.svu.edu.eg\/faculties\/com\/wp-content\/uploads\/2021\/01\/WhatsApp-Image-2021-01-11-at-12.33.37-PM-1-1024x768.jpeg\" width=\"688\" height=\"517\" \/><\/p>\n","protected":false},"excerpt":{"rendered":"<p>Le Conseil de la Facult\u00e9 de Commerce s\u2019est r\u00e9uni ce lundi 11\/01\/2021 sous la pr\u00e9sidence Dr \/ Ahmed Akawi Abdul Aziz, Vice-Pr\u00e9sident de l\u2019Universit\u00e9 des etudes sup\u00e9rieurs \u00a0et Doyen de [&hellip;]<\/p>\n","protected":false},"author":2,"featured_media":5028,"comment_status":"open","ping_status":"open","sticky":false,"template":"","format":"standard","meta":[],"categories":[112],"tags":[],"_links":{"self":[{"href":"https:\/\/www.svu.edu.eg\/faculties\/com\/wp-json\/wp\/v2\/posts\/5037"}],"collection":[{"href":"https:\/\/www.svu.edu.eg\/faculties\/com\/wp-json\/wp\/v2\/posts"}],"about":[{"href":"https:\/\/www.svu.edu.eg\/faculties\/com\/wp-json\/wp\/v2\/types\/post"}],"author":[{"embeddable":true,"href":"https:\/\/www.svu.edu.eg\/faculties\/com\/wp-json\/wp\/v2\/users\/2"}],"replies":[{"embeddable":true,"href":"https:\/\/www.svu.edu.eg\/faculties\/com\/wp-json\/wp\/v2\/comments?post=5037"}],"version-history":[{"count":3,"href":"https:\/\/www.svu.edu.eg\/faculties\/com\/wp-json\/wp\/v2\/posts\/5037\/revisions"}],"predecessor-version":[{"id":5040,"href":"https:\/\/www.svu.edu.eg\/faculties\/com\/wp-json\/wp\/v2\/posts\/5037\/revisions\/5040"}],"wp:featuredmedia":[{"embeddable":true,"href":"https:\/\/www.svu.edu.eg\/faculties\/com\/wp-json\/wp\/v2\/media\/5028"}],"wp:attachment":[{"href":"https:\/\/www.svu.edu.eg\/faculties\/com\/wp-json\/wp\/v2\/media?parent=5037"}],"wp:term":[{"taxonomy":"category","embeddable":true,"href":"https:\/\/www.svu.edu.eg\/faculties\/com\/wp-json\/wp\/v2\/categories?post=5037"},{"taxonomy":"post_tag","embeddable":true,"href":"https:\/\/www.svu.edu.eg\/faculties\/com\/wp-json\/wp\/v2\/tags?post=5037"}],"curies":[{"name":"wp","href":"https:\/\/api.w.org\/{rel}","templated":true}]}}