{"id":3980,"date":"2023-01-03T07:06:55","date_gmt":"2023-01-03T07:06:55","guid":{"rendered":"http:\/\/www.svu.edu.eg\/faculties\/arch\/?p=3980"},"modified":"2023-01-04T07:14:31","modified_gmt":"2023-01-04T07:14:31","slug":"une-invitation-a-participer-a-la-premiere-conference-internationale-de-la-faculte-darcheologie-25-26-fevrier-2023","status":"publish","type":"post","link":"https:\/\/www.svu.edu.eg\/faculties\/arch\/fr\/une-invitation-a-participer-a-la-premiere-conference-internationale-de-la-faculte-darcheologie-25-26-fevrier-2023\/","title":{"rendered":"Une invitation \u00e0 participer \u00e0 la premi\u00e8re Conf\u00e9rence internationale de la Facult\u00e9 d&#8217;arch\u00e9ologie(25-26 f\u00e9vrier 2023)"},"content":{"rendered":"","protected":false},"excerpt":{"rendered":"","protected":false},"author":2,"featured_media":3978,"comment_status":"open","ping_status":"open","sticky":false,"template":"","format":"standard","meta":[],"categories":[135],"tags":[],"_links":{"self":[{"href":"https:\/\/www.svu.edu.eg\/faculties\/arch\/wp-json\/wp\/v2\/posts\/3980"}],"collection":[{"href":"https:\/\/www.svu.edu.eg\/faculties\/arch\/wp-json\/wp\/v2\/posts"}],"about":[{"href":"https:\/\/www.svu.edu.eg\/faculties\/arch\/wp-json\/wp\/v2\/types\/post"}],"author":[{"embeddable":true,"href":"https:\/\/www.svu.edu.eg\/faculties\/arch\/wp-json\/wp\/v2\/users\/2"}],"replies":[{"embeddable":true,"href":"https:\/\/www.svu.edu.eg\/faculties\/arch\/wp-json\/wp\/v2\/comments?post=3980"}],"version-history":[{"count":2,"href":"https:\/\/www.svu.edu.eg\/faculties\/arch\/wp-json\/wp\/v2\/posts\/3980\/revisions"}],"predecessor-version":[{"id":3982,"href":"https:\/\/www.svu.edu.eg\/faculties\/arch\/wp-json\/wp\/v2\/posts\/3980\/revisions\/3982"}],"wp:featuredmedia":[{"embeddable":true,"href":"https:\/\/www.svu.edu.eg\/faculties\/arch\/wp-json\/wp\/v2\/media\/3978"}],"wp:attachment":[{"href":"https:\/\/www.svu.edu.eg\/faculties\/arch\/wp-json\/wp\/v2\/media?parent=3980"}],"wp:term":[{"taxonomy":"category","embeddable":true,"href":"https:\/\/www.svu.edu.eg\/faculties\/arch\/wp-json\/wp\/v2\/categories?post=3980"},{"taxonomy":"post_tag","embeddable":true,"href":"https:\/\/www.svu.edu.eg\/faculties\/arch\/wp-json\/wp\/v2\/tags?post=3980"}],"curies":[{"name":"wp","href":"https:\/\/api.w.org\/{rel}","templated":true}]}}