{"id":4128,"date":"2022-01-14T22:00:28","date_gmt":"2022-01-14T22:00:28","guid":{"rendered":"http:\/\/www.svu.edu.eg\/faculties\/agr\/?p=4128"},"modified":"2022-01-14T22:06:23","modified_gmt":"2022-01-14T22:06:23","slug":"le-debut-des-examens-du-premier-semestre-a-la-faculte-de-lagriculture","status":"publish","type":"post","link":"https:\/\/www.svu.edu.eg\/faculties\/agr\/fr\/le-debut-des-examens-du-premier-semestre-a-la-faculte-de-lagriculture\/","title":{"rendered":"Le d\u00e9but des examens du premier semestre \u00e0 la facult\u00e9 de l\u2019agriculture"},"content":{"rendered":"<p>Les examens du premier semestre ont commenc\u00e9, o\u00f9 les premiers \u00e9quipes du d\u00e9partement de chimie et la deuxi\u00e8me groupe du d\u00e9partement\u00a0 de la Fondation des insectes \u00e9conomiques ont examin\u00e9 les examens.<\/p>\n","protected":false},"excerpt":{"rendered":"<p>Les examens du premier semestre ont commenc\u00e9, o\u00f9 les premiers \u00e9quipes du d\u00e9partement de chimie et la deuxi\u00e8me groupe du d\u00e9partement\u00a0 de la Fondation des insectes \u00e9conomiques ont examin\u00e9 les [&hellip;]<\/p>\n","protected":false},"author":2,"featured_media":3537,"comment_status":"open","ping_status":"open","sticky":false,"template":"","format":"standard","meta":[],"categories":[89],"tags":[],"jetpack_sharing_enabled":true,"jetpack_featured_media_url":"https:\/\/i0.wp.com\/www.svu.edu.eg\/faculties\/agr\/wp-content\/uploads\/2021\/06\/WP_20210619_12_21_15_Raw_LI.jpg?fit=3840%2C2160&ssl=1","jetpack-related-posts":[{"id":3559,"url":"https:\/\/www.svu.edu.eg\/faculties\/agr\/fr\/le-vice-recteur-de-luniversite-inspecte-les-examens-a-la-faculte-dagriculture\/","url_meta":{"origin":4128,"position":0},"title":"Le vice-recteur de l&#8217;Universit\u00e9 inspecte les examens, \u00e0 la facult\u00e9 d&#8217;agriculture","author":"omar","date":"\u064a\u0648\u0646\u064a\u0648 19, 2021","format":false,"excerpt":"Dr. Badawy Shahat, vice-recteur de l'Universit\u00e9 pour les affaires \u00e9ducatives et \u00e9tudiantes, a effectu\u00e9 une visite d'inspection au cours de la tenue des examens de la facult\u00e9 d'agriculture, accompagn\u00e9 du dr. Essam Eldin Abdelhady, \u00a0doyen de la facult\u00e9 et vice-doyen de la facult\u00e9 pour les affaires \u00e9ducatives et \u00e9tudiantes. Au\u2026","rel":"","context":"\u0641\u064a &quot;news_fr&quot;","block_context":{"text":"news_fr","link":"https:\/\/www.svu.edu.eg\/faculties\/agr\/fr\/category\/news_fr\/"},"img":{"alt_text":"","src":"","width":0,"height":0},"classes":[]},{"id":4166,"url":"https:\/\/www.svu.edu.eg\/faculties\/agr\/fr\/le-recteur-de-luniversite-inspecte-les-travaux-des-examens-a-la-faculte-dagriculture-2\/","url_meta":{"origin":4128,"position":1},"title":"Le recteur de l&#8217;Universit\u00e9 inspecte les travaux des examens \u00e0 la facult\u00e9 d\u2019agriculture","author":"omar","date":"\u064a\u0646\u0627\u064a\u0631 15, 2022","format":false,"excerpt":"Dans le cadre des visites d'inspection des examens de l'Universit\u00e9 effectu\u00e9es par dr. Youssef Gharabawy, recteur de l'Universit\u00e9, il a inspect\u00e9 les travaux d'examens \u00e0 la facult\u00e9 d\u2019agriculture, accompagn\u00e9 du dr. Ahmed Nassary, vice-recteur de l'Universit\u00e9, vice- doyen de la facult\u00e9 pour les affaires \u00e9ducatives et \u00e9tudiantes et vice- doyen\u2026","rel":"","context":"\u0641\u064a &quot;news_fr&quot;","block_context":{"text":"news_fr","link":"https:\/\/www.svu.edu.eg\/faculties\/agr\/fr\/category\/news_fr\/"},"img":{"alt_text":"","src":"https:\/\/i0.wp.com\/www.svu.edu.eg\/faculties\/agr\/wp-content\/uploads\/2022\/01\/IMG20220116101846-2.jpg?fit=1200%2C677&ssl=1&resize=350%2C200","width":350,"height":200,"srcset":"https:\/\/i0.wp.com\/www.svu.edu.eg\/faculties\/agr\/wp-content\/uploads\/2022\/01\/IMG20220116101846-2.jpg?fit=1200%2C677&ssl=1&resize=350%2C200 1x, https:\/\/i0.wp.com\/www.svu.edu.eg\/faculties\/agr\/wp-content\/uploads\/2022\/01\/IMG20220116101846-2.jpg?fit=1200%2C677&ssl=1&resize=525%2C300 1.5x, https:\/\/i0.wp.com\/www.svu.edu.eg\/faculties\/agr\/wp-content\/uploads\/2022\/01\/IMG20220116101846-2.jpg?fit=1200%2C677&ssl=1&resize=700%2C400 2x, https:\/\/i0.wp.com\/www.svu.edu.eg\/faculties\/agr\/wp-content\/uploads\/2022\/01\/IMG20220116101846-2.jpg?fit=1200%2C677&ssl=1&resize=1050%2C600 3x"},"classes":[]},{"id":3121,"url":"https:\/\/www.svu.edu.eg\/faculties\/agr\/fr\/le-recteur-de-luniversite-inspecte-les-travaux-des-examens-a-la-faculte-dagriculture\/","url_meta":{"origin":4128,"position":2},"title":"Le recteur de l&#8217;Universit\u00e9 inspecte les travaux des examens \u00e0 la facult\u00e9 d&#8217;agriculture","author":"omar","date":"\u0645\u0627\u0631\u0633 1, 2021","format":false,"excerpt":"Dans le cadre des visites d'inspection des examens de l'Universit\u00e9 effectu\u00e9es par dr. Youssef Gharabawy, recteur de l'Universit\u00e9, il a inspect\u00e9 les travaux d'examens \u00e0 la facult\u00e9 d'agriculture pour l'ann\u00e9e acad\u00e9mique 2020- 2021 \u00a0accompagn\u00e9 par dr. Ahmed Kamal Nassary, vice-recteur de l'Universit\u00e9 du service communautaire et le d\u00e9veloppement environnemental, dr.\u2026","rel":"","context":"\u0641\u064a &quot;news_fr&quot;","block_context":{"text":"news_fr","link":"https:\/\/www.svu.edu.eg\/faculties\/agr\/fr\/category\/news_fr\/"},"img":{"alt_text":"","src":"","width":0,"height":0},"classes":[]},{"id":3664,"url":"https:\/\/www.svu.edu.eg\/faculties\/agr\/fr\/lancement-des-tests-daptitude-aux-facultes-de-luniversite-du-sud-de-la-vallee\/","url_meta":{"origin":4128,"position":3},"title":"Lancement des tests d&#8217;aptitude aux facult\u00e9s de l&#8217;Universit\u00e9 du Sud de la vall\u00e9e","author":"omar","date":"\u0623\u063a\u0633\u0637\u0633 8, 2021","format":false,"excerpt":"Dr. Youssef Gharabawy, recteur de l\u2019Universit\u00e9 du Sud de la vall\u00e9e, a annonc\u00e9 que les tests d'aptitude dans les facult\u00e9s de l\u2019Universit\u00e9, telles que l\u2019\u00e9ducation physique et l\u2019\u00e9ducation sp\u00e9cifique au d\u00e9partement d' (\u00e9ducation artistique \u00a0et musicale), la facult\u00e9 de m\u00e9dia et communication et la facult\u00e9 d'infirmerie, qui se d\u00e9roulera du\u2026","rel":"","context":"\u0641\u064a &quot;news_fr&quot;","block_context":{"text":"news_fr","link":"https:\/\/www.svu.edu.eg\/faculties\/agr\/fr\/category\/news_fr\/"},"img":{"alt_text":"","src":"https:\/\/i0.wp.com\/www.svu.edu.eg\/faculties\/agr\/wp-content\/uploads\/2021\/08\/IMG_91022.jpg?fit=1200%2C800&ssl=1&resize=350%2C200","width":350,"height":200,"srcset":"https:\/\/i0.wp.com\/www.svu.edu.eg\/faculties\/agr\/wp-content\/uploads\/2021\/08\/IMG_91022.jpg?fit=1200%2C800&ssl=1&resize=350%2C200 1x, https:\/\/i0.wp.com\/www.svu.edu.eg\/faculties\/agr\/wp-content\/uploads\/2021\/08\/IMG_91022.jpg?fit=1200%2C800&ssl=1&resize=525%2C300 1.5x, https:\/\/i0.wp.com\/www.svu.edu.eg\/faculties\/agr\/wp-content\/uploads\/2021\/08\/IMG_91022.jpg?fit=1200%2C800&ssl=1&resize=700%2C400 2x, https:\/\/i0.wp.com\/www.svu.edu.eg\/faculties\/agr\/wp-content\/uploads\/2021\/08\/IMG_91022.jpg?fit=1200%2C800&ssl=1&resize=1050%2C600 3x"},"classes":[]},{"id":5438,"url":"https:\/\/www.svu.edu.eg\/faculties\/agr\/fr\/le-systeme-de-communication-administrative-a-luniversite-du-sud-de-la-vallee-remporte-la-troisieme-place-dans-le-concours-de-legypte-prix-dexcellence-du-gouvernement\/","url_meta":{"origin":4128,"position":4},"title":"Le syst\u00e8me de communication administrative \u00e0 l\u2019Universit\u00e9 du Sud de la Vall\u00e9e remporte la troisi\u00e8me place dans le concours de l\u2019\u00c9gypte  Prix d\u2019excellence du gouvernement","author":"omar","date":"\u0645\u0627\u0631\u0633 15, 2023","format":false,"excerpt":"Sous les auspices du pr\u00e9sident Abdel Fattah el-Sissi et en pr\u00e9sence du dr. Mostafa Madbouly, premier ministre, dr. Hala al-Saeed, ministre de la planification et du d\u00e9veloppement \u00e9conomique, et Maryam al-Hammadi, secr\u00e9taire du cabinet des \u00c9mirats arabes unis, Dr. Youssef Gharabawy, recteur de l\u2019Universit\u00e9, a assist\u00e9 \u00e0 la c\u00e9r\u00e9monie de\u2026","rel":"","context":"\u0641\u064a &quot;ann_fr&quot;","block_context":{"text":"ann_fr","link":"https:\/\/www.svu.edu.eg\/faculties\/agr\/fr\/category\/ann_fr\/"},"img":{"alt_text":"","src":"https:\/\/i0.wp.com\/www.svu.edu.eg\/faculties\/agr\/wp-content\/uploads\/2023\/03\/Untitled-21.jpg?fit=1200%2C630&ssl=1&resize=350%2C200","width":350,"height":200,"srcset":"https:\/\/i0.wp.com\/www.svu.edu.eg\/faculties\/agr\/wp-content\/uploads\/2023\/03\/Untitled-21.jpg?fit=1200%2C630&ssl=1&resize=350%2C200 1x, https:\/\/i0.wp.com\/www.svu.edu.eg\/faculties\/agr\/wp-content\/uploads\/2023\/03\/Untitled-21.jpg?fit=1200%2C630&ssl=1&resize=525%2C300 1.5x, https:\/\/i0.wp.com\/www.svu.edu.eg\/faculties\/agr\/wp-content\/uploads\/2023\/03\/Untitled-21.jpg?fit=1200%2C630&ssl=1&resize=700%2C400 2x, https:\/\/i0.wp.com\/www.svu.edu.eg\/faculties\/agr\/wp-content\/uploads\/2023\/03\/Untitled-21.jpg?fit=1200%2C630&ssl=1&resize=1050%2C600 3x"},"classes":[]},{"id":5442,"url":"https:\/\/www.svu.edu.eg\/faculties\/agr\/fr\/cloture-du-15e-concours-de-la-semaine-de-lenvironnement-a-luniversite-du-sud-de-la-vallee\/","url_meta":{"origin":4128,"position":5},"title":"Cl\u00f4ture du 15e concours de la semaine de l\u2019environnement \u00e0 l\u2019Universit\u00e9 du Sud de la Vall\u00e9e","author":"omar","date":"\u0645\u0627\u0631\u0633 17, 2023","format":false,"excerpt":"Sous les auspices du dr. Youssef Gharabawy et du dr. Ahmed Nassary, vice- recteur de l\u2019Universit\u00e9 pour le service communautaire et le d\u00e9veloppement environnemental, les activit\u00e9s du 15e concours de la semaine de l\u2019environnement ont \u00e9t\u00e9 conclues \u00a0\u00e0 l\u2019Universit\u00e9 du Sud de la Vall\u00e9e, en pr\u00e9sence du dr. Mahmoud Labeb,\u2026","rel":"","context":"\u0641\u064a &quot;ann_fr&quot;","block_context":{"text":"ann_fr","link":"https:\/\/www.svu.edu.eg\/faculties\/agr\/fr\/category\/ann_fr\/"},"img":{"alt_text":"","src":"https:\/\/i0.wp.com\/www.svu.edu.eg\/faculties\/agr\/wp-content\/uploads\/2023\/03\/1-1-211.jpeg?fit=1200%2C800&ssl=1&resize=350%2C200","width":350,"height":200,"srcset":"https:\/\/i0.wp.com\/www.svu.edu.eg\/faculties\/agr\/wp-content\/uploads\/2023\/03\/1-1-211.jpeg?fit=1200%2C800&ssl=1&resize=350%2C200 1x, https:\/\/i0.wp.com\/www.svu.edu.eg\/faculties\/agr\/wp-content\/uploads\/2023\/03\/1-1-211.jpeg?fit=1200%2C800&ssl=1&resize=525%2C300 1.5x, https:\/\/i0.wp.com\/www.svu.edu.eg\/faculties\/agr\/wp-content\/uploads\/2023\/03\/1-1-211.jpeg?fit=1200%2C800&ssl=1&resize=700%2C400 2x, https:\/\/i0.wp.com\/www.svu.edu.eg\/faculties\/agr\/wp-content\/uploads\/2023\/03\/1-1-211.jpeg?fit=1200%2C800&ssl=1&resize=1050%2C600 3x"},"classes":[]}],"_links":{"self":[{"href":"https:\/\/www.svu.edu.eg\/faculties\/agr\/wp-json\/wp\/v2\/posts\/4128"}],"collection":[{"href":"https:\/\/www.svu.edu.eg\/faculties\/agr\/wp-json\/wp\/v2\/posts"}],"about":[{"href":"https:\/\/www.svu.edu.eg\/faculties\/agr\/wp-json\/wp\/v2\/types\/post"}],"author":[{"embeddable":true,"href":"https:\/\/www.svu.edu.eg\/faculties\/agr\/wp-json\/wp\/v2\/users\/2"}],"replies":[{"embeddable":true,"href":"https:\/\/www.svu.edu.eg\/faculties\/agr\/wp-json\/wp\/v2\/comments?post=4128"}],"version-history":[{"count":2,"href":"https:\/\/www.svu.edu.eg\/faculties\/agr\/wp-json\/wp\/v2\/posts\/4128\/revisions"}],"predecessor-version":[{"id":4130,"href":"https:\/\/www.svu.edu.eg\/faculties\/agr\/wp-json\/wp\/v2\/posts\/4128\/revisions\/4130"}],"wp:featuredmedia":[{"embeddable":true,"href":"https:\/\/www.svu.edu.eg\/faculties\/agr\/wp-json\/wp\/v2\/media\/3537"}],"wp:attachment":[{"href":"https:\/\/www.svu.edu.eg\/faculties\/agr\/wp-json\/wp\/v2\/media?parent=4128"}],"wp:term":[{"taxonomy":"category","embeddable":true,"href":"https:\/\/www.svu.edu.eg\/faculties\/agr\/wp-json\/wp\/v2\/categories?post=4128"},{"taxonomy":"post_tag","embeddable":true,"href":"https:\/\/www.svu.edu.eg\/faculties\/agr\/wp-json\/wp\/v2\/tags?post=4128"}],"curies":[{"name":"wp","href":"https:\/\/api.w.org\/{rel}","templated":true}]}}