{"id":3691,"date":"2021-08-19T10:16:38","date_gmt":"2021-08-19T10:16:38","guid":{"rendered":"http:\/\/www.svu.edu.eg\/faculties\/agr\/?p=3691"},"modified":"2021-08-23T10:21:10","modified_gmt":"2021-08-23T10:21:10","slug":"des-convois-divers-de-luniversite-du-sud-de-la-vallee-dans-le-village-delsamata-a-deshna","status":"publish","type":"post","link":"https:\/\/www.svu.edu.eg\/faculties\/agr\/fr\/des-convois-divers-de-luniversite-du-sud-de-la-vallee-dans-le-village-delsamata-a-deshna\/","title":{"rendered":"Des convois divers de l&#8217;Universit\u00e9 du Sud de la vall\u00e9e dans le village d&#8217;Elsamata \u00e0 Deshna"},"content":{"rendered":"<p>Sous les auspices du dr. Youssef Gharabawy, recteur de l&#8217;Universit\u00e9 du Sud de la vall\u00e9e, et dans le cadre de la participation communautaire de l\u2019Universit\u00e9 \u00e0 l\u2019initiative pr\u00e9sidentielle &#8220;une vie de dignit\u00e9&#8221;, qui vise \u00e0 d\u00e9velopper la campagne \u00e9gyptienne. Le secteur du service communautaire et le d\u00e9veloppement environnemental a organis\u00e9, sous la direction du dr. Ahmed Nasary, vice-recteur de l&#8217;Universit\u00e9 pour le service communautaire et le d\u00e9veloppement environnemental, des convois m\u00e9dicaux varies &nbsp;pour soigner les habitants de la r\u00e9gion d&#8217;Elsamata Bahary \u00e0 Deshna.<\/p>\n<p>Le recteur a \u00e9galement soulign\u00e9 l\u2019int\u00e9r\u00eat de l\u2019Universit\u00e9 \u00e0 organiser des convois pour fournir des services de sant\u00e9 et des services communautaires. Dr. Nassary, vice- recteur de l\u2019Universit\u00e9 a indiqu\u00e9 que &nbsp;le convoi m\u00e9dical a examin\u00e9 713 cas humains et 420 cas v\u00e9t\u00e9rinaires.<\/p>\n","protected":false},"excerpt":{"rendered":"<p>Sous les auspices du dr. Youssef Gharabawy, recteur de l&#8217;Universit\u00e9 du Sud de la vall\u00e9e, et dans le cadre de la participation communautaire de l\u2019Universit\u00e9 \u00e0 l\u2019initiative pr\u00e9sidentielle &#8220;une vie [&hellip;]<\/p>\n","protected":false},"author":2,"featured_media":3692,"comment_status":"open","ping_status":"open","sticky":false,"template":"","format":"standard","meta":[],"categories":[89],"tags":[],"jetpack_sharing_enabled":true,"jetpack_featured_media_url":"https:\/\/i0.wp.com\/www.svu.edu.eg\/faculties\/agr\/wp-content\/uploads\/2021\/08\/thumbnail_WhatsApp-Image-2021-08-18-at-1.03.21-PM-1-1024x6821.jpg?fit=1024%2C682&ssl=1","jetpack-related-posts":[{"id":4758,"url":"https:\/\/www.svu.edu.eg\/faculties\/agr\/fr\/camp-de-boisement-a-la-faculte\/","url_meta":{"origin":3691,"position":0},"title":"Camp de boisement \u00e0 la Facult\u00e9","author":"omar","date":"\u0645\u0627\u0631\u0633 18, 2022","format":false,"excerpt":"Dans le cadre des activit\u00e9s de la 14e semaine environnementale \u00a0et sous les auspices du dr. Youssef Gharabawy, recteur de l\u2019Universit\u00e9 du Sud de la Vall\u00e9e, du dr. Ahmed Nassary, vice-recteur de l'Universit\u00e9 pour le service communautaire et le d\u00e9veloppement environnemental, et sous la supervision du dr. Essam Eldin Abdelhady,\u2026","rel":"","context":"\u0641\u064a &quot;news_fr&quot;","block_context":{"text":"news_fr","link":"https:\/\/www.svu.edu.eg\/faculties\/agr\/fr\/category\/news_fr\/"},"img":{"alt_text":"","src":"https:\/\/i0.wp.com\/www.svu.edu.eg\/faculties\/agr\/wp-content\/uploads\/2022\/03\/33219e8e-f78d-4804-9171-f5df0b63c063.jpg?fit=1200%2C675&ssl=1&resize=350%2C200","width":350,"height":200,"srcset":"https:\/\/i0.wp.com\/www.svu.edu.eg\/faculties\/agr\/wp-content\/uploads\/2022\/03\/33219e8e-f78d-4804-9171-f5df0b63c063.jpg?fit=1200%2C675&ssl=1&resize=350%2C200 1x, https:\/\/i0.wp.com\/www.svu.edu.eg\/faculties\/agr\/wp-content\/uploads\/2022\/03\/33219e8e-f78d-4804-9171-f5df0b63c063.jpg?fit=1200%2C675&ssl=1&resize=525%2C300 1.5x, https:\/\/i0.wp.com\/www.svu.edu.eg\/faculties\/agr\/wp-content\/uploads\/2022\/03\/33219e8e-f78d-4804-9171-f5df0b63c063.jpg?fit=1200%2C675&ssl=1&resize=700%2C400 2x, https:\/\/i0.wp.com\/www.svu.edu.eg\/faculties\/agr\/wp-content\/uploads\/2022\/03\/33219e8e-f78d-4804-9171-f5df0b63c063.jpg?fit=1200%2C675&ssl=1&resize=1050%2C600 3x"},"classes":[]},{"id":3668,"url":"https:\/\/www.svu.edu.eg\/faculties\/agr\/fr\/session-de-formation-sur-la-plantation-de-bleuets-a-la-faculte-dagriculture\/","url_meta":{"origin":3691,"position":1},"title":"Session de formation sur la plantation de bleuets \u00e0 la facult\u00e9 d&#8217;agriculture","author":"omar","date":"\u0623\u063a\u0633\u0637\u0633 15, 2021","format":false,"excerpt":"Dans le cadre du protocole de coop\u00e9ration entre l\u2019Universit\u00e9 du Sud de la vall\u00e9e et la Fondation \u00e9gyptienne pour le d\u00e9veloppement int\u00e9gr\u00e9 (Appel) pour la formation d\u2019\u00e9tudiants universitaires, sous les auspices du dr. Youssef Gharabawy, recteur de l'Universit\u00e9, et sous la supervision du dr. Ahmed Kamal Nassary, vice-recteur de l'Universit\u00e9\u2026","rel":"","context":"\u0641\u064a &quot;news_fr&quot;","block_context":{"text":"news_fr","link":"https:\/\/www.svu.edu.eg\/faculties\/agr\/fr\/category\/news_fr\/"},"img":{"alt_text":"","src":"https:\/\/i0.wp.com\/www.svu.edu.eg\/faculties\/agr\/wp-content\/uploads\/2021\/08\/IMG_97481.jpg?fit=1200%2C800&ssl=1&resize=350%2C200","width":350,"height":200,"srcset":"https:\/\/i0.wp.com\/www.svu.edu.eg\/faculties\/agr\/wp-content\/uploads\/2021\/08\/IMG_97481.jpg?fit=1200%2C800&ssl=1&resize=350%2C200 1x, https:\/\/i0.wp.com\/www.svu.edu.eg\/faculties\/agr\/wp-content\/uploads\/2021\/08\/IMG_97481.jpg?fit=1200%2C800&ssl=1&resize=525%2C300 1.5x, https:\/\/i0.wp.com\/www.svu.edu.eg\/faculties\/agr\/wp-content\/uploads\/2021\/08\/IMG_97481.jpg?fit=1200%2C800&ssl=1&resize=700%2C400 2x, https:\/\/i0.wp.com\/www.svu.edu.eg\/faculties\/agr\/wp-content\/uploads\/2021\/08\/IMG_97481.jpg?fit=1200%2C800&ssl=1&resize=1050%2C600 3x"},"classes":[]},{"id":4981,"url":"https:\/\/www.svu.edu.eg\/faculties\/agr\/fr\/universite-du-sud-de-la-vallee-participe-au-forum-des-universites-egyptiens\/","url_meta":{"origin":3691,"position":2},"title":"Universit\u00e9 du Sud de la Vall\u00e9e participe au forum des Universit\u00e9s \u00e9gyptiens","author":"omar","date":"\u0633\u0628\u062a\u0645\u0628\u0631 24, 2022","format":false,"excerpt":"Dans le cadre de la cooperation entre l\u2019Universit\u00e9 et les Institutions internationals de recherch\u00e9 et sous les auspices du dr. Youssef Gharabawy, recteur de l\u2019Universit\u00e9 du Sud de la Vall\u00e9e, une d\u00e9l\u00e9gation de l\u2019Universit\u00e9 a particip\u00e9 aux activit\u00e9s du forum des Universit\u00e9s \u00e9gyptiens \u00a0du 22 au 23 septembre, en pr\u00e9sence\u2026","rel":"","context":"\u0641\u064a &quot;conf_fr&quot;","block_context":{"text":"conf_fr","link":"https:\/\/www.svu.edu.eg\/faculties\/agr\/fr\/category\/conf_fr\/"},"img":{"alt_text":"","src":"https:\/\/i0.wp.com\/www.svu.edu.eg\/faculties\/agr\/wp-content\/uploads\/2022\/09\/WhatsApp-Image-2022-09-22-at-5.20.11-PM1.jpeg?fit=1200%2C900&ssl=1&resize=350%2C200","width":350,"height":200,"srcset":"https:\/\/i0.wp.com\/www.svu.edu.eg\/faculties\/agr\/wp-content\/uploads\/2022\/09\/WhatsApp-Image-2022-09-22-at-5.20.11-PM1.jpeg?fit=1200%2C900&ssl=1&resize=350%2C200 1x, https:\/\/i0.wp.com\/www.svu.edu.eg\/faculties\/agr\/wp-content\/uploads\/2022\/09\/WhatsApp-Image-2022-09-22-at-5.20.11-PM1.jpeg?fit=1200%2C900&ssl=1&resize=525%2C300 1.5x, https:\/\/i0.wp.com\/www.svu.edu.eg\/faculties\/agr\/wp-content\/uploads\/2022\/09\/WhatsApp-Image-2022-09-22-at-5.20.11-PM1.jpeg?fit=1200%2C900&ssl=1&resize=700%2C400 2x, https:\/\/i0.wp.com\/www.svu.edu.eg\/faculties\/agr\/wp-content\/uploads\/2022\/09\/WhatsApp-Image-2022-09-22-at-5.20.11-PM1.jpeg?fit=1200%2C900&ssl=1&resize=1050%2C600 3x"},"classes":[]},{"id":5250,"url":"https:\/\/www.svu.edu.eg\/faculties\/agr\/fr\/lancement-de-la-7e-conference-internationale-des-jeunes-chercheurs-en-sciences-agricoles-a-luniversite-du-sud-de-la-vallee\/","url_meta":{"origin":3691,"position":3},"title":"Lancement de la 7e conf\u00e9rence internationale des jeunes chercheurs en sciences agricoles \u00e0 l\u2019Universit\u00e9 du Sud de la Vall\u00e9e","author":"omar","date":"\u0646\u0648\u0641\u0645\u0628\u0631 22, 2022","format":false,"excerpt":"Sous les auspices du dr. Youssef Gharabawy, recteur de l\u2019Universit\u00e9 et en pr\u00e9sence du dr. Abbas Mansour, ancien recteur de l\u2019Universit\u00e9, dr. Ahmed Akkawy, vice-recteur pour les \u00e9tudes sup\u00e9rieures et la recherche scientifique et dr. Ahmed Nassary, vice-recteur de l'Universit\u00e9 pour le service communautaire et le d\u00e9veloppement environnemental, les activit\u00e9s\u2026","rel":"","context":"\u0641\u064a &quot;conf_fr&quot;","block_context":{"text":"conf_fr","link":"https:\/\/www.svu.edu.eg\/faculties\/agr\/fr\/category\/conf_fr\/"},"img":{"alt_text":"","src":"https:\/\/i0.wp.com\/www.svu.edu.eg\/faculties\/agr\/wp-content\/uploads\/2022\/11\/WhatsApp-Image-2022-11-20-at-7.03.39-PM1.jpeg?fit=1200%2C800&ssl=1&resize=350%2C200","width":350,"height":200,"srcset":"https:\/\/i0.wp.com\/www.svu.edu.eg\/faculties\/agr\/wp-content\/uploads\/2022\/11\/WhatsApp-Image-2022-11-20-at-7.03.39-PM1.jpeg?fit=1200%2C800&ssl=1&resize=350%2C200 1x, https:\/\/i0.wp.com\/www.svu.edu.eg\/faculties\/agr\/wp-content\/uploads\/2022\/11\/WhatsApp-Image-2022-11-20-at-7.03.39-PM1.jpeg?fit=1200%2C800&ssl=1&resize=525%2C300 1.5x, https:\/\/i0.wp.com\/www.svu.edu.eg\/faculties\/agr\/wp-content\/uploads\/2022\/11\/WhatsApp-Image-2022-11-20-at-7.03.39-PM1.jpeg?fit=1200%2C800&ssl=1&resize=700%2C400 2x, https:\/\/i0.wp.com\/www.svu.edu.eg\/faculties\/agr\/wp-content\/uploads\/2022\/11\/WhatsApp-Image-2022-11-20-at-7.03.39-PM1.jpeg?fit=1200%2C800&ssl=1&resize=1050%2C600 3x"},"classes":[]},{"id":4756,"url":"https:\/\/www.svu.edu.eg\/faculties\/agr\/fr\/inauguration-de-la-14e-semaine-de-lenvironnement-a-luniversite-du-sud-de-la-vallee\/","url_meta":{"origin":3691,"position":4},"title":"Inauguration de la 14e semaine de l\u2019environnement \u00e0 l\u2019Universit\u00e9 du Sud de la Vall\u00e9e","author":"omar","date":"\u0645\u0627\u0631\u0633 12, 2022","format":false,"excerpt":"Sous les auspices du dr. Youssef Gharabawy, recteur de l\u2019Universit\u00e9 du Sud de la Vall\u00e9e, du dr. Ahmed Nassary, vice-recteur de l'Universit\u00e9 pour le service communautaire et le d\u00e9veloppement environnemental, dr. Esam Eldin Abdelhady, doyen de la facult\u00e9 et dr. Mohamed Sayed, vice- doyen de la facult\u00e9 pour le service\u2026","rel":"","context":"\u0641\u064a &quot;ann_fr&quot;","block_context":{"text":"ann_fr","link":"https:\/\/www.svu.edu.eg\/faculties\/agr\/fr\/category\/ann_fr\/"},"img":{"alt_text":"","src":"https:\/\/i0.wp.com\/www.svu.edu.eg\/faculties\/agr\/wp-content\/uploads\/2022\/03\/IMG_20220312_093343-1.jpg?fit=1200%2C900&ssl=1&resize=350%2C200","width":350,"height":200,"srcset":"https:\/\/i0.wp.com\/www.svu.edu.eg\/faculties\/agr\/wp-content\/uploads\/2022\/03\/IMG_20220312_093343-1.jpg?fit=1200%2C900&ssl=1&resize=350%2C200 1x, https:\/\/i0.wp.com\/www.svu.edu.eg\/faculties\/agr\/wp-content\/uploads\/2022\/03\/IMG_20220312_093343-1.jpg?fit=1200%2C900&ssl=1&resize=525%2C300 1.5x, https:\/\/i0.wp.com\/www.svu.edu.eg\/faculties\/agr\/wp-content\/uploads\/2022\/03\/IMG_20220312_093343-1.jpg?fit=1200%2C900&ssl=1&resize=700%2C400 2x, https:\/\/i0.wp.com\/www.svu.edu.eg\/faculties\/agr\/wp-content\/uploads\/2022\/03\/IMG_20220312_093343-1.jpg?fit=1200%2C900&ssl=1&resize=1050%2C600 3x"},"classes":[]},{"id":3915,"url":"https:\/\/www.svu.edu.eg\/faculties\/agr\/fr\/le-recteur-de-luniversite-recoit-la-delegation-de-lonudo\/","url_meta":{"origin":3691,"position":5},"title":"Le recteur de l&#8217;Universit\u00e9  re\u00e7oit la d\u00e9l\u00e9gation de l\u2019ONUDO","author":"omar","date":"\u0623\u0643\u062a\u0648\u0628\u0631 14, 2021","format":false,"excerpt":"Recteur de l'Universit\u00e9 du Sud de la vall\u00e9e a re\u00e7u la d\u00e9l\u00e9gation de l\u2019Organisation des Nations Unies pour le d\u00e9veloppement industriel (ONUDO), qui comprenait Anakiara Iskanduni, directrice du projet de croissance verte de l\u2019Organisation et Adel Sabri, coordinateur national, en pr\u00e9sence du dr. Abdul Aziz ShIba, vice-doyen de la facult\u00e9\u2026","rel":"","context":"\u0641\u064a &quot;conf_fr&quot;","block_context":{"text":"conf_fr","link":"https:\/\/www.svu.edu.eg\/faculties\/agr\/fr\/category\/conf_fr\/"},"img":{"alt_text":"","src":"https:\/\/i0.wp.com\/www.svu.edu.eg\/faculties\/agr\/wp-content\/uploads\/2021\/10\/1-121.jpg?fit=1200%2C800&ssl=1&resize=350%2C200","width":350,"height":200,"srcset":"https:\/\/i0.wp.com\/www.svu.edu.eg\/faculties\/agr\/wp-content\/uploads\/2021\/10\/1-121.jpg?fit=1200%2C800&ssl=1&resize=350%2C200 1x, https:\/\/i0.wp.com\/www.svu.edu.eg\/faculties\/agr\/wp-content\/uploads\/2021\/10\/1-121.jpg?fit=1200%2C800&ssl=1&resize=525%2C300 1.5x, https:\/\/i0.wp.com\/www.svu.edu.eg\/faculties\/agr\/wp-content\/uploads\/2021\/10\/1-121.jpg?fit=1200%2C800&ssl=1&resize=700%2C400 2x, https:\/\/i0.wp.com\/www.svu.edu.eg\/faculties\/agr\/wp-content\/uploads\/2021\/10\/1-121.jpg?fit=1200%2C800&ssl=1&resize=1050%2C600 3x"},"classes":[]}],"_links":{"self":[{"href":"https:\/\/www.svu.edu.eg\/faculties\/agr\/wp-json\/wp\/v2\/posts\/3691"}],"collection":[{"href":"https:\/\/www.svu.edu.eg\/faculties\/agr\/wp-json\/wp\/v2\/posts"}],"about":[{"href":"https:\/\/www.svu.edu.eg\/faculties\/agr\/wp-json\/wp\/v2\/types\/post"}],"author":[{"embeddable":true,"href":"https:\/\/www.svu.edu.eg\/faculties\/agr\/wp-json\/wp\/v2\/users\/2"}],"replies":[{"embeddable":true,"href":"https:\/\/www.svu.edu.eg\/faculties\/agr\/wp-json\/wp\/v2\/comments?post=3691"}],"version-history":[{"count":2,"href":"https:\/\/www.svu.edu.eg\/faculties\/agr\/wp-json\/wp\/v2\/posts\/3691\/revisions"}],"predecessor-version":[{"id":3694,"href":"https:\/\/www.svu.edu.eg\/faculties\/agr\/wp-json\/wp\/v2\/posts\/3691\/revisions\/3694"}],"wp:featuredmedia":[{"embeddable":true,"href":"https:\/\/www.svu.edu.eg\/faculties\/agr\/wp-json\/wp\/v2\/media\/3692"}],"wp:attachment":[{"href":"https:\/\/www.svu.edu.eg\/faculties\/agr\/wp-json\/wp\/v2\/media?parent=3691"}],"wp:term":[{"taxonomy":"category","embeddable":true,"href":"https:\/\/www.svu.edu.eg\/faculties\/agr\/wp-json\/wp\/v2\/categories?post=3691"},{"taxonomy":"post_tag","embeddable":true,"href":"https:\/\/www.svu.edu.eg\/faculties\/agr\/wp-json\/wp\/v2\/tags?post=3691"}],"curies":[{"name":"wp","href":"https:\/\/api.w.org\/{rel}","templated":true}]}}