{"id":11358,"date":"2026-08-30T06:57:22","date_gmt":"2026-08-30T06:57:22","guid":{"rendered":"https:\/\/www.svu.edu.eg\/fr\/?p=11358"},"modified":"2026-08-31T07:01:53","modified_gmt":"2026-08-31T07:01:53","slug":"universite-de-qena-remporte-des-positions-avancees-a-la-sixieme-conference-scientifique-intitulee-futurs-scientifiques-a-luniversite-de-damiette","status":"publish","type":"post","link":"http:\/\/www.svu.edu.eg\/fr\/?p=11358","title":{"rendered":"Universit\u00e9 de Q\u00e9na remporte des positions avanc\u00e9es \u00e0 la sixi\u00e8me conf\u00e9rence scientifique intitul\u00e9e \u00ab futurs scientifiques \u00bb \u00e0 l\u2019Universit\u00e9 de Damiette"},"content":{"rendered":"<p>Dans le cadre de l\u2019int\u00e9r\u00eat de l\u2019universit\u00e9 pour la recherche scientifique et Sous les auspices du dr. Ahmed Akkawy, recteur de l\u2019Universit\u00e9\u00a0 et du dr. Ashraf \u00a0Mossa, vice-recteur de l\u2019Universit\u00e9, une d\u00e9l\u00e9gation de l\u2019Universit\u00e9 de Q\u00e9na a remport\u00e9 des positions avanc\u00e9es \u00e0 la sixi\u00e8me conf\u00e9rence scientifique intitul\u00e9e \u00ab futurs scientifiques \u00bb \u00e0 l\u2019Universit\u00e9 de Damiette, sous la supervision de M. Mohamed Waleed, directeur g\u00e9n\u00e9ral de la protection des \u00e9tudiants, du 25 au 26\u00a0ao\u00fbt\u00a02026, \u00a0avec la participation du d\u00e9partement d\u2019activit\u00e9 scientifique et artistique de l\u2019universit\u00e9.<\/p>\n<p><img decoding=\"async\" src=\"https:\/\/www.svu.edu.eg\/ar\/wp-content\/uploads\/2026\/08\/1-1-8-300x225.jpeg\" \/><img decoding=\"async\" src=\"https:\/\/www.svu.edu.eg\/ar\/wp-content\/uploads\/2026\/08\/1-4-11-300x225.jpeg\" \/><\/p>\n<p><img decoding=\"async\" src=\"https:\/\/www.svu.edu.eg\/ar\/wp-content\/uploads\/2026\/08\/1-5-9-300x225.jpeg\" \/><img decoding=\"async\" src=\"https:\/\/www.svu.edu.eg\/ar\/wp-content\/uploads\/2026\/08\/1-6-9-300x200.jpeg\" \/><\/p>\n","protected":false},"excerpt":{"rendered":"<p>Dans le cadre de l\u2019int\u00e9r\u00eat de l\u2019universit\u00e9 pour la recherche scientifique et&#8230;<a href=\"http:\/\/www.svu.edu.eg\/fr\/?p=11358\">more <\/a><\/p>\n","protected":false},"author":2,"featured_media":11359,"comment_status":"closed","ping_status":"open","sticky":false,"template":"","format":"standard","meta":{"footnotes":""},"categories":[11,12,9,10],"tags":[],"_links":{"self":[{"href":"http:\/\/www.svu.edu.eg\/fr\/index.php?rest_route=\/wp\/v2\/posts\/11358"}],"collection":[{"href":"http:\/\/www.svu.edu.eg\/fr\/index.php?rest_route=\/wp\/v2\/posts"}],"about":[{"href":"http:\/\/www.svu.edu.eg\/fr\/index.php?rest_route=\/wp\/v2\/types\/post"}],"author":[{"embeddable":true,"href":"http:\/\/www.svu.edu.eg\/fr\/index.php?rest_route=\/wp\/v2\/users\/2"}],"replies":[{"embeddable":true,"href":"http:\/\/www.svu.edu.eg\/fr\/index.php?rest_route=%2Fwp%2Fv2%2Fcomments&post=11358"}],"version-history":[{"count":1,"href":"http:\/\/www.svu.edu.eg\/fr\/index.php?rest_route=\/wp\/v2\/posts\/11358\/revisions"}],"predecessor-version":[{"id":11360,"href":"http:\/\/www.svu.edu.eg\/fr\/index.php?rest_route=\/wp\/v2\/posts\/11358\/revisions\/11360"}],"wp:featuredmedia":[{"embeddable":true,"href":"http:\/\/www.svu.edu.eg\/fr\/index.php?rest_route=\/wp\/v2\/media\/11359"}],"wp:attachment":[{"href":"http:\/\/www.svu.edu.eg\/fr\/index.php?rest_route=%2Fwp%2Fv2%2Fmedia&parent=11358"}],"wp:term":[{"taxonomy":"category","embeddable":true,"href":"http:\/\/www.svu.edu.eg\/fr\/index.php?rest_route=%2Fwp%2Fv2%2Fcategories&post=11358"},{"taxonomy":"post_tag","embeddable":true,"href":"http:\/\/www.svu.edu.eg\/fr\/index.php?rest_route=%2Fwp%2Fv2%2Ftags&post=11358"}],"curies":[{"name":"wp","href":"https:\/\/api.w.org\/{rel}","templated":true}]}}