{"id":11353,"date":"2026-08-26T10:22:59","date_gmt":"2026-08-26T10:22:59","guid":{"rendered":"https:\/\/www.svu.edu.eg\/fr\/?p=11353"},"modified":"2026-08-26T10:22:59","modified_gmt":"2026-08-26T10:22:59","slug":"recteur-de-luniversite-de-qena-recoit-le-ministre-de-leducation","status":"publish","type":"post","link":"http:\/\/www.svu.edu.eg\/fr\/?p=11353","title":{"rendered":"Recteur de l\u2019Universit\u00e9 de Q\u00e9na re\u00e7oit le ministre de l&#8217;\u00c9ducation"},"content":{"rendered":"<p>Dans le cadre de la coop\u00e9ration entre l\u2019Universit\u00e9 de Q\u00e9na et la Direction de l&#8217;\u00e9ducation, et en marge de la r\u00e9union du Ministre avec les responsables \u00e9ducatifs et les directeurs des d\u00e9partements et \u00e9coles dans les gouvernorats de Q\u00e9na, Sohag, Nouvelle Vall\u00e9e, mer Rouge, Louxor et Assouan. Dr. Ahmed Akkawy, recteur de l\u2019Universit\u00e9 a re\u00e7u Dr. Mohamed Abdel Latif, Ministre de l\u2019\u00c9ducation et de l\u2019Enseignement Technique, \u00e0 l\u2019Universit\u00e9 de Q\u00e9na, en pr\u00e9sence du dr. Ahmed El-Mohamady, ministre adjoint \u00e0 la planification strat\u00e9gique, du dr. Mohamed Saeed, vice-recteur de l\u2019Universit\u00e9 pour les affaires de services communautaires et de d\u00e9veloppement environnemental, et dr. Mohamed Wael Abdel Azim, vice-recteur de l\u2019Universit\u00e9 des \u00e9tudes sup\u00e9rieures et de la recherche et M. Tariq Mohammed Saad El-Din, sous-secr\u00e9taire du minist\u00e8re de l\u2019\u00c9ducation \u00e0 Q\u00e9na. Au cours de la r\u00e9union, le recteur de l\u2019universit\u00e9 a examin\u00e9 les projets de d\u00e9veloppement dans tous les secteurs. D\u2019autre part, il a soulign\u00e9 l\u2019importance de la transformation num\u00e9rique pour am\u00e9liorer la qualit\u00e9 des services. A la fin de la r\u00e9union, le recteur de l\u2019universit\u00e9 a pr\u00e9sent\u00e9 le bouclier universitaire au ministre de l\u2019\u00c9ducation et de l\u2019Enseignement technique.<\/p>\n<p><img decoding=\"async\" src=\"http:\/\/www.svu.edu.eg\/ar\/wp-content\/uploads\/2026\/08\/WhatsApp-Image-2026-08-25-at-3.35.44-PM-1.jpeg\" \/><\/p>\n<p><img decoding=\"async\" src=\"http:\/\/www.svu.edu.eg\/ar\/wp-content\/uploads\/2026\/08\/WhatsApp-Image-2026-08-25-at-3.35.44-PM-2.jpeg\" \/><\/p>\n<p><img decoding=\"async\" src=\"http:\/\/www.svu.edu.eg\/ar\/wp-content\/uploads\/2026\/08\/WhatsApp-Image-2026-08-25-at-3.35.44-PM-3.jpeg\" \/><\/p>\n","protected":false},"excerpt":{"rendered":"<p>Dans le cadre de la coop\u00e9ration entre l\u2019Universit\u00e9 de Q\u00e9na et la&#8230;<a href=\"http:\/\/www.svu.edu.eg\/fr\/?p=11353\">more <\/a><\/p>\n","protected":false},"author":2,"featured_media":11354,"comment_status":"closed","ping_status":"open","sticky":false,"template":"","format":"standard","meta":{"footnotes":""},"categories":[11,12,9,10],"tags":[],"_links":{"self":[{"href":"http:\/\/www.svu.edu.eg\/fr\/index.php?rest_route=\/wp\/v2\/posts\/11353"}],"collection":[{"href":"http:\/\/www.svu.edu.eg\/fr\/index.php?rest_route=\/wp\/v2\/posts"}],"about":[{"href":"http:\/\/www.svu.edu.eg\/fr\/index.php?rest_route=\/wp\/v2\/types\/post"}],"author":[{"embeddable":true,"href":"http:\/\/www.svu.edu.eg\/fr\/index.php?rest_route=\/wp\/v2\/users\/2"}],"replies":[{"embeddable":true,"href":"http:\/\/www.svu.edu.eg\/fr\/index.php?rest_route=%2Fwp%2Fv2%2Fcomments&post=11353"}],"version-history":[{"count":1,"href":"http:\/\/www.svu.edu.eg\/fr\/index.php?rest_route=\/wp\/v2\/posts\/11353\/revisions"}],"predecessor-version":[{"id":11355,"href":"http:\/\/www.svu.edu.eg\/fr\/index.php?rest_route=\/wp\/v2\/posts\/11353\/revisions\/11355"}],"wp:featuredmedia":[{"embeddable":true,"href":"http:\/\/www.svu.edu.eg\/fr\/index.php?rest_route=\/wp\/v2\/media\/11354"}],"wp:attachment":[{"href":"http:\/\/www.svu.edu.eg\/fr\/index.php?rest_route=%2Fwp%2Fv2%2Fmedia&parent=11353"}],"wp:term":[{"taxonomy":"category","embeddable":true,"href":"http:\/\/www.svu.edu.eg\/fr\/index.php?rest_route=%2Fwp%2Fv2%2Fcategories&post=11353"},{"taxonomy":"post_tag","embeddable":true,"href":"http:\/\/www.svu.edu.eg\/fr\/index.php?rest_route=%2Fwp%2Fv2%2Ftags&post=11353"}],"curies":[{"name":"wp","href":"https:\/\/api.w.org\/{rel}","templated":true}]}}