{"id":6118,"date":"2022-10-02T09:51:44","date_gmt":"2022-10-02T09:51:44","guid":{"rendered":"http:\/\/www.svu.edu.eg\/faculties\/phed\/?p=6118"},"modified":"2022-10-20T09:53:44","modified_gmt":"2022-10-20T09:53:44","slug":"recteur-de-luniversite-du-sud-de-la-vallee-commence-la-nouvelle-annee-academique-par-saluer-le-drapeau-national-2","status":"publish","type":"post","link":"http:\/\/www.svu.edu.eg\/faculties\/phed\/fr\/recteur-de-luniversite-du-sud-de-la-vallee-commence-la-nouvelle-annee-academique-par-saluer-le-drapeau-national-2\/","title":{"rendered":"Recteur de l&#8217;Universit\u00e9 du Sud de la vall\u00e9e commence la nouvelle ann\u00e9e acad\u00e9mique par saluer le drapeau national"},"content":{"rendered":"<p>Dr. Youssef Gharabawy, recteur de l\u2019Universit\u00e9 du Sud de la Vall\u00e9e, a re\u00e7u les \u00e9tudiants de la facult\u00e9 d\u2019\u00e9ducation physique \u00e0 la nouvelle ann\u00e9e acad\u00e9mique &nbsp;par saluer le drapeau et de chanter l\u2019hymne national, en pr\u00e9sence du dr. Ahmad Kamal Nasary, vice-recteur de l\u2019Universit\u00e9 pour le service communautaire et le d\u00e9veloppement de l\u2019environnement, dr. Badawy Shahat, vice- recteur de l\u2019Universit\u00e9 pour les affaires \u00e9tudiantes et \u00e9ducatives ,dr. Ashraf Mossa, doyen de la facult\u00e9 d\u2019\u00e9ducation physique, les vice- doyens et les groupes des membres du corps professoral et leurs assistants. &nbsp;Au cours de la c\u00e9r\u00e9monie, le recteur de l\u2019Universit\u00e9 a d\u00e9clar\u00e9 que la facult\u00e9 d\u2019\u00e9ducation physique contribuera \u00e0 l\u2019ouverture et la cl\u00f4ture des c\u00e9r\u00e9monies du championnat mondial de vitesse-ball en octobre \u00e0 Hurghada et c\u2019est le r\u00e9sultat des efforts des \u00e9tudiants et des professeurs de la facult\u00e9 Il a conseill\u00e9 \u00e9tudiants \u00e0 d\u00e9velopper leurs comp\u00e9tences en participant \u00e0 divers centres \u00e0 l\u2019Universit\u00e9, y compris le centre num\u00e9rique d\u2019Ibdaa al-Masr, qui a form\u00e9 11000 \u00e9tudiants et dipl\u00f4m\u00e9s l\u2019ann\u00e9e derni\u00e8re, ainsi que le centre pour le d\u00e9veloppement de carri\u00e8re et le centre pour les innovateurs.<\/p>\n<p><img decoding=\"async\" src=\"https:\/\/www.svu.edu.eg\/faculties\/phed\/wp-content\/uploads\/2022\/10\/IMG-20221002-WA0016-1024x682.jpg\"><\/p>\n<p><img decoding=\"async\" src=\"https:\/\/www.svu.edu.eg\/faculties\/phed\/wp-content\/uploads\/2022\/10\/IMG-20221002-WA0015-1024x682.jpg\"><\/p>\n<p><img decoding=\"async\" src=\"https:\/\/www.svu.edu.eg\/faculties\/phed\/wp-content\/uploads\/2022\/10\/IMG-20221002-WA0019-1024x682.jpg\"><\/p>\n<p><img decoding=\"async\" src=\"https:\/\/www.svu.edu.eg\/faculties\/phed\/wp-content\/uploads\/2022\/10\/IMG-20221002-WA0009-1024x443.jpg\"><\/p>\n","protected":false},"excerpt":{"rendered":"<p>Dr. Youssef Gharabawy, recteur de l\u2019Universit\u00e9 du Sud de la Vall\u00e9e, a re\u00e7u les \u00e9tudiants de la facult\u00e9 d\u2019\u00e9ducation physique \u00e0 la nouvelle ann\u00e9e acad\u00e9mique &nbsp;par saluer le drapeau et [&hellip;]<\/p>\n","protected":false},"author":2,"featured_media":6093,"comment_status":"open","ping_status":"open","sticky":false,"template":"","format":"standard","meta":{"_monsterinsights_skip_tracking":false,"_monsterinsights_sitenote_active":false,"_monsterinsights_sitenote_note":"","_monsterinsights_sitenote_category":0},"categories":[83,73],"tags":[],"_links":{"self":[{"href":"http:\/\/www.svu.edu.eg\/faculties\/phed\/wp-json\/wp\/v2\/posts\/6118"}],"collection":[{"href":"http:\/\/www.svu.edu.eg\/faculties\/phed\/wp-json\/wp\/v2\/posts"}],"about":[{"href":"http:\/\/www.svu.edu.eg\/faculties\/phed\/wp-json\/wp\/v2\/types\/post"}],"author":[{"embeddable":true,"href":"http:\/\/www.svu.edu.eg\/faculties\/phed\/wp-json\/wp\/v2\/users\/2"}],"replies":[{"embeddable":true,"href":"http:\/\/www.svu.edu.eg\/faculties\/phed\/wp-json\/wp\/v2\/comments?post=6118"}],"version-history":[{"count":2,"href":"http:\/\/www.svu.edu.eg\/faculties\/phed\/wp-json\/wp\/v2\/posts\/6118\/revisions"}],"predecessor-version":[{"id":6120,"href":"http:\/\/www.svu.edu.eg\/faculties\/phed\/wp-json\/wp\/v2\/posts\/6118\/revisions\/6120"}],"wp:featuredmedia":[{"embeddable":true,"href":"http:\/\/www.svu.edu.eg\/faculties\/phed\/wp-json\/wp\/v2\/media\/6093"}],"wp:attachment":[{"href":"http:\/\/www.svu.edu.eg\/faculties\/phed\/wp-json\/wp\/v2\/media?parent=6118"}],"wp:term":[{"taxonomy":"category","embeddable":true,"href":"http:\/\/www.svu.edu.eg\/faculties\/phed\/wp-json\/wp\/v2\/categories?post=6118"},{"taxonomy":"post_tag","embeddable":true,"href":"http:\/\/www.svu.edu.eg\/faculties\/phed\/wp-json\/wp\/v2\/tags?post=6118"}],"curies":[{"name":"wp","href":"https:\/\/api.w.org\/{rel}","templated":true}]}}