{"id":5924,"date":"2022-05-21T08:20:31","date_gmt":"2022-05-21T08:20:31","guid":{"rendered":"http:\/\/www.svu.edu.eg\/faculties\/phed\/?p=5924"},"modified":"2022-05-22T08:21:46","modified_gmt":"2022-05-22T08:21:46","slug":"debut-des-travaux-dexamen-pratique-a-la-faculte-deducation-physique","status":"publish","type":"post","link":"http:\/\/www.svu.edu.eg\/faculties\/phed\/fr\/debut-des-travaux-dexamen-pratique-a-la-faculte-deducation-physique\/","title":{"rendered":"D\u00e9but des travaux d\u2019examen pratique \u00e0 la facult\u00e9 d\u2019\u00e9ducation physique"},"content":{"rendered":"<p><strong>Sous les auspices du dr. Ashraf Mossa, doyen de la facult\u00e9 et dr. Mahmoud Labeb, vice- doyen de la facult\u00e9 pour les affaires \u00e9ducatives et \u00e9tudiantes, les travaux des examens pratiques ont commenc\u00e9 \u00e0 la facult\u00e9 d\u2019\u00e9ducation physique, sous la supervision du dr. Abdelhak Abdelbaset, vice- doyen de la facult\u00e9<\/strong> <strong>pour le service communautaire et le d\u00e9veloppement environnemental. En autre part, les examens th\u00e9oriques commenceront le samedi 7\/ 6\/ 2022. <\/strong><\/p>\n","protected":false},"excerpt":{"rendered":"<p>Sous les auspices du dr. Ashraf Mossa, doyen de la facult\u00e9 et dr. Mahmoud Labeb, vice- doyen de la facult\u00e9 pour les affaires \u00e9ducatives et \u00e9tudiantes, les travaux des examens [&hellip;]<\/p>\n","protected":false},"author":2,"featured_media":5909,"comment_status":"open","ping_status":"open","sticky":false,"template":"","format":"standard","meta":{"_monsterinsights_skip_tracking":false,"_monsterinsights_sitenote_active":false,"_monsterinsights_sitenote_note":"","_monsterinsights_sitenote_category":0},"categories":[83,73],"tags":[],"_links":{"self":[{"href":"http:\/\/www.svu.edu.eg\/faculties\/phed\/wp-json\/wp\/v2\/posts\/5924"}],"collection":[{"href":"http:\/\/www.svu.edu.eg\/faculties\/phed\/wp-json\/wp\/v2\/posts"}],"about":[{"href":"http:\/\/www.svu.edu.eg\/faculties\/phed\/wp-json\/wp\/v2\/types\/post"}],"author":[{"embeddable":true,"href":"http:\/\/www.svu.edu.eg\/faculties\/phed\/wp-json\/wp\/v2\/users\/2"}],"replies":[{"embeddable":true,"href":"http:\/\/www.svu.edu.eg\/faculties\/phed\/wp-json\/wp\/v2\/comments?post=5924"}],"version-history":[{"count":1,"href":"http:\/\/www.svu.edu.eg\/faculties\/phed\/wp-json\/wp\/v2\/posts\/5924\/revisions"}],"predecessor-version":[{"id":5925,"href":"http:\/\/www.svu.edu.eg\/faculties\/phed\/wp-json\/wp\/v2\/posts\/5924\/revisions\/5925"}],"wp:featuredmedia":[{"embeddable":true,"href":"http:\/\/www.svu.edu.eg\/faculties\/phed\/wp-json\/wp\/v2\/media\/5909"}],"wp:attachment":[{"href":"http:\/\/www.svu.edu.eg\/faculties\/phed\/wp-json\/wp\/v2\/media?parent=5924"}],"wp:term":[{"taxonomy":"category","embeddable":true,"href":"http:\/\/www.svu.edu.eg\/faculties\/phed\/wp-json\/wp\/v2\/categories?post=5924"},{"taxonomy":"post_tag","embeddable":true,"href":"http:\/\/www.svu.edu.eg\/faculties\/phed\/wp-json\/wp\/v2\/tags?post=5924"}],"curies":[{"name":"wp","href":"https:\/\/api.w.org\/{rel}","templated":true}]}}