{"id":5176,"date":"2021-09-19T09:56:59","date_gmt":"2021-09-19T09:56:59","guid":{"rendered":"http:\/\/www.svu.edu.eg\/faculties\/phed\/?p=5176"},"modified":"2021-09-26T09:59:33","modified_gmt":"2021-09-26T09:59:33","slug":"lancement-de-lexamen-medical-des-nouveaux-etudiants-a-luniversite-du-sud-de-la-vallee","status":"publish","type":"post","link":"http:\/\/www.svu.edu.eg\/faculties\/phed\/fr\/lancement-de-lexamen-medical-des-nouveaux-etudiants-a-luniversite-du-sud-de-la-vallee\/","title":{"rendered":"Lancement de l\u2019examen m\u00e9dical des nouveaux \u00e9tudiants \u00e0 l\u2019Universit\u00e9 du Sud de la vall\u00e9e"},"content":{"rendered":"<p>Dr. Youssef Gharabawy, recteur de l\u2019Universit\u00e9 du Sud de la vall\u00e9e, a d\u00e9clar\u00e9 que les proc\u00e9dures d\u2019examen m\u00e9dical pour l\u2019ann\u00e9e universitaire 2021-2022 ont \u00e9t\u00e9 lanc\u00e9es du 18&nbsp; septembre au 19 octobre 2021 dans les facult\u00e9s et les branches de l\u2019Universit\u00e9.<\/p>\n<p>Le vice- recteur de l\u2019Universit\u00e9 a ajout\u00e9 que l\u2019examen m\u00e9dical commence \u00e0 9 h \u00e0 l\u2019H\u00f4pital des \u00e9tudiants \u00e0 l\u2019Universit\u00e9 et au si\u00e8ge de la facult\u00e9 d\u2019\u00e9ducation.<\/p>\n","protected":false},"excerpt":{"rendered":"<p>Dr. Youssef Gharabawy, recteur de l\u2019Universit\u00e9 du Sud de la vall\u00e9e, a d\u00e9clar\u00e9 que les proc\u00e9dures d\u2019examen m\u00e9dical pour l\u2019ann\u00e9e universitaire 2021-2022 ont \u00e9t\u00e9 lanc\u00e9es du 18&nbsp; septembre au 19 [&hellip;]<\/p>\n","protected":false},"author":2,"featured_media":5177,"comment_status":"open","ping_status":"open","sticky":false,"template":"","format":"standard","meta":{"_monsterinsights_skip_tracking":false,"_monsterinsights_sitenote_active":false,"_monsterinsights_sitenote_note":"","_monsterinsights_sitenote_category":0},"categories":[83,73],"tags":[],"_links":{"self":[{"href":"http:\/\/www.svu.edu.eg\/faculties\/phed\/wp-json\/wp\/v2\/posts\/5176"}],"collection":[{"href":"http:\/\/www.svu.edu.eg\/faculties\/phed\/wp-json\/wp\/v2\/posts"}],"about":[{"href":"http:\/\/www.svu.edu.eg\/faculties\/phed\/wp-json\/wp\/v2\/types\/post"}],"author":[{"embeddable":true,"href":"http:\/\/www.svu.edu.eg\/faculties\/phed\/wp-json\/wp\/v2\/users\/2"}],"replies":[{"embeddable":true,"href":"http:\/\/www.svu.edu.eg\/faculties\/phed\/wp-json\/wp\/v2\/comments?post=5176"}],"version-history":[{"count":2,"href":"http:\/\/www.svu.edu.eg\/faculties\/phed\/wp-json\/wp\/v2\/posts\/5176\/revisions"}],"predecessor-version":[{"id":5179,"href":"http:\/\/www.svu.edu.eg\/faculties\/phed\/wp-json\/wp\/v2\/posts\/5176\/revisions\/5179"}],"wp:featuredmedia":[{"embeddable":true,"href":"http:\/\/www.svu.edu.eg\/faculties\/phed\/wp-json\/wp\/v2\/media\/5177"}],"wp:attachment":[{"href":"http:\/\/www.svu.edu.eg\/faculties\/phed\/wp-json\/wp\/v2\/media?parent=5176"}],"wp:term":[{"taxonomy":"category","embeddable":true,"href":"http:\/\/www.svu.edu.eg\/faculties\/phed\/wp-json\/wp\/v2\/categories?post=5176"},{"taxonomy":"post_tag","embeddable":true,"href":"http:\/\/www.svu.edu.eg\/faculties\/phed\/wp-json\/wp\/v2\/tags?post=5176"}],"curies":[{"name":"wp","href":"https:\/\/api.w.org\/{rel}","templated":true}]}}