{"id":7638,"date":"2021-10-16T07:20:41","date_gmt":"2021-10-16T07:20:41","guid":{"rendered":"http:\/\/www.svu.edu.eg\/faculties\/pharm\/?p=7638"},"modified":"2021-11-02T07:21:08","modified_gmt":"2021-11-02T07:21:08","slug":"nouvelle-realisation-de-luniversite-de-la-vallee-du-sud-dans-les-classifications-internationales","status":"publish","type":"post","link":"http:\/\/www.svu.edu.eg\/faculties\/pharm\/fr\/nouvelle-realisation-de-luniversite-de-la-vallee-du-sud-dans-les-classifications-internationales\/","title":{"rendered":"Nouvelle r\u00e9alisation de l\u2019Universit\u00e9 de la Vall\u00e9e du Sud dans les classifications internationales"},"content":{"rendered":"<p><span class=\"ng-star-inserted\">Dr. Youssef Garbawi, Pr\u00e9sident de l\u2019Universit\u00e9 de la Vall\u00e9e du Sud, a annonc\u00e9 une nouvelle perc\u00e9e dans les classifications internationales dans le classement r\u00e9gional arabe QS 2021.&nbsp;<\/span><span class=\"ng-star-inserted\">L\u2019Universit\u00e9 de la Vall\u00e9e du Sud est apparue dans la cat\u00e9gorie 91-100.&nbsp;<\/span><span class=\"ng-star-inserted\">La classification KIO est une classification annuelle de diverses universit\u00e9s du monde entier et repose sur plusieurs crit\u00e8res, notamment la r\u00e9putation universitaire, la r\u00e9putation des chefs d\u2019entreprise, la recherche scientifique, la coop\u00e9ration internationale, le ratio professeurs\/\u00e9tudiants et d\u2019autres crit\u00e8res.<br \/>\n<\/span><\/p>\n","protected":false},"excerpt":{"rendered":"<p>Dr. Youssef Garbawi, Pr\u00e9sident de l\u2019Universit\u00e9 de la Vall\u00e9e du Sud, a annonc\u00e9 une nouvelle perc\u00e9e dans les classifications internationales dans le classement r\u00e9gional arabe QS 2021.&nbsp;L\u2019Universit\u00e9 de la Vall\u00e9e [&hellip;]<\/p>\n","protected":false},"author":2,"featured_media":7623,"comment_status":"closed","ping_status":"closed","sticky":false,"template":"","format":"standard","meta":[],"categories":[104,98],"tags":[],"_links":{"self":[{"href":"http:\/\/www.svu.edu.eg\/faculties\/pharm\/wp-json\/wp\/v2\/posts\/7638"}],"collection":[{"href":"http:\/\/www.svu.edu.eg\/faculties\/pharm\/wp-json\/wp\/v2\/posts"}],"about":[{"href":"http:\/\/www.svu.edu.eg\/faculties\/pharm\/wp-json\/wp\/v2\/types\/post"}],"author":[{"embeddable":true,"href":"http:\/\/www.svu.edu.eg\/faculties\/pharm\/wp-json\/wp\/v2\/users\/2"}],"replies":[{"embeddable":true,"href":"http:\/\/www.svu.edu.eg\/faculties\/pharm\/wp-json\/wp\/v2\/comments?post=7638"}],"version-history":[{"count":2,"href":"http:\/\/www.svu.edu.eg\/faculties\/pharm\/wp-json\/wp\/v2\/posts\/7638\/revisions"}],"predecessor-version":[{"id":7640,"href":"http:\/\/www.svu.edu.eg\/faculties\/pharm\/wp-json\/wp\/v2\/posts\/7638\/revisions\/7640"}],"wp:featuredmedia":[{"embeddable":true,"href":"http:\/\/www.svu.edu.eg\/faculties\/pharm\/wp-json\/wp\/v2\/media\/7623"}],"wp:attachment":[{"href":"http:\/\/www.svu.edu.eg\/faculties\/pharm\/wp-json\/wp\/v2\/media?parent=7638"}],"wp:term":[{"taxonomy":"category","embeddable":true,"href":"http:\/\/www.svu.edu.eg\/faculties\/pharm\/wp-json\/wp\/v2\/categories?post=7638"},{"taxonomy":"post_tag","embeddable":true,"href":"http:\/\/www.svu.edu.eg\/faculties\/pharm\/wp-json\/wp\/v2\/tags?post=7638"}],"curies":[{"name":"wp","href":"https:\/\/api.w.org\/{rel}","templated":true}]}}