{"id":5378,"date":"2023-02-12T09:48:49","date_gmt":"2023-02-12T09:48:49","guid":{"rendered":"http:\/\/www.svu.edu.eg\/faculties\/agr\/?p=5378"},"modified":"2023-02-15T09:52:52","modified_gmt":"2023-02-15T09:52:52","slug":"universite-du-sud-de-la-vallee-organise-un-programme-du-systeme-danalyse-des-risques-haccp","status":"publish","type":"post","link":"http:\/\/www.svu.edu.eg\/faculties\/agr\/fr\/universite-du-sud-de-la-vallee-organise-un-programme-du-systeme-danalyse-des-risques-haccp\/","title":{"rendered":"Universit\u00e9 du Sud de la Vall\u00e9e organise un programme du syst\u00e8me d\u2019analyse des risques (HACCP)"},"content":{"rendered":"<p>Sous les auspices du dr. Youssef Gharabawy, recteur de l\u2019Universit\u00e9 du Sud de la Vall\u00e9e, et sous la supervision du projet global de croissance verte de l\u2019UNUDO en \u00c9gypte, le centre du d\u00e9veloppement de la capacit\u00e9 des membres du corps professoral et des leaders universitaires a organis\u00e9 le programme du syst\u00e8me d\u2019analyse des risques et des points de contr\u00f4le critiques (HACCP), en pr\u00e9sence du dr. Hadia Dandrawi, directrice du centre, dr. Mohamed Nejm, sp\u00e9cialiste en agriculture durable et en s\u00e9curit\u00e9 alimentaire, dr. Husam Ibrahim Badawi, sp\u00e9cialiste enseignement technique et dr. Raaft Shibet El-Hamd, de la facult\u00e9 d\u2019agriculture. La formation s\u2019est termin\u00e9e avec les stagiaires connaissant ces principes de base et comment former l\u2019\u00e9quipe Hasab et la fonction des membres de l\u2019\u00e9quipe.<\/p>\n<p><img decoding=\"async\" loading=\"lazy\" class=\"\" src=\"https:\/\/i0.wp.com\/www.svu.edu.eg\/ar\/wp-content\/uploads\/2023\/02\/1-2-6-700x600.jpeg?resize=393%2C337\" width=\"393\" height=\"337\"  data-recalc-dims=\"1\"><img decoding=\"async\" loading=\"lazy\" class=\"alignright\" src=\"https:\/\/i0.wp.com\/www.svu.edu.eg\/ar\/wp-content\/uploads\/2023\/02\/1-6-5-700x600.jpeg?resize=389%2C333\" width=\"389\" height=\"333\"  data-recalc-dims=\"1\"><\/p>\n","protected":false},"excerpt":{"rendered":"<p>Sous les auspices du dr. Youssef Gharabawy, recteur de l\u2019Universit\u00e9 du Sud de la Vall\u00e9e, et sous la supervision du projet global de croissance verte de l\u2019UNUDO en \u00c9gypte, le [&hellip;]<\/p>\n","protected":false},"author":2,"featured_media":5379,"comment_status":"open","ping_status":"open","sticky":false,"template":"","format":"standard","meta":[],"categories":[84,89],"tags":[],"jetpack_sharing_enabled":true,"jetpack_featured_media_url":"https:\/\/i0.wp.com\/www.svu.edu.eg\/faculties\/agr\/wp-content\/uploads\/2023\/02\/1-6-511.jpeg?fit=1200%2C800","jetpack-related-posts":[{"id":5438,"url":"http:\/\/www.svu.edu.eg\/faculties\/agr\/fr\/le-systeme-de-communication-administrative-a-luniversite-du-sud-de-la-vallee-remporte-la-troisieme-place-dans-le-concours-de-legypte-prix-dexcellence-du-gouvernement\/","url_meta":{"origin":5378,"position":0},"title":"Le syst\u00e8me de communication administrative \u00e0 l\u2019Universit\u00e9 du Sud de la Vall\u00e9e remporte la troisi\u00e8me place dans le concours de l\u2019\u00c9gypte  Prix d\u2019excellence du gouvernement","author":"omar","date":"\u0645\u0627\u0631\u0633 15, 2023","format":false,"excerpt":"Sous les auspices du pr\u00e9sident Abdel Fattah el-Sissi et en pr\u00e9sence du dr. Mostafa Madbouly, premier ministre, dr. Hala al-Saeed, ministre de la planification et du d\u00e9veloppement \u00e9conomique, et Maryam al-Hammadi, secr\u00e9taire du cabinet des \u00c9mirats arabes unis, Dr. Youssef Gharabawy, recteur de l\u2019Universit\u00e9, a assist\u00e9 \u00e0 la c\u00e9r\u00e9monie de\u2026","rel":"","context":"\u0641\u064a &quot;ann_fr&quot;","block_context":{"text":"ann_fr","link":"http:\/\/www.svu.edu.eg\/faculties\/agr\/fr\/category\/ann_fr\/"},"img":{"alt_text":"","src":"https:\/\/i0.wp.com\/www.svu.edu.eg\/faculties\/agr\/wp-content\/uploads\/2023\/03\/Untitled-21.jpg?fit=1200%2C630&resize=350%2C200","width":350,"height":200,"srcset":"https:\/\/i0.wp.com\/www.svu.edu.eg\/faculties\/agr\/wp-content\/uploads\/2023\/03\/Untitled-21.jpg?fit=1200%2C630&resize=350%2C200 1x, https:\/\/i0.wp.com\/www.svu.edu.eg\/faculties\/agr\/wp-content\/uploads\/2023\/03\/Untitled-21.jpg?fit=1200%2C630&resize=525%2C300 1.5x, https:\/\/i0.wp.com\/www.svu.edu.eg\/faculties\/agr\/wp-content\/uploads\/2023\/03\/Untitled-21.jpg?fit=1200%2C630&resize=700%2C400 2x, https:\/\/i0.wp.com\/www.svu.edu.eg\/faculties\/agr\/wp-content\/uploads\/2023\/03\/Untitled-21.jpg?fit=1200%2C630&resize=1050%2C600 3x"},"classes":[]},{"id":4654,"url":"http:\/\/www.svu.edu.eg\/faculties\/agr\/fr\/universite-du-sud-de-la-vallee-est-parmi-les-300-des-universites-mondiaux-et-avance-50-centres-mondiaux-selon-le-classement-mondial-de-times\/","url_meta":{"origin":5378,"position":1},"title":"Universit\u00e9 du Sud de la Vall\u00e9e est parmi les 300 des universit\u00e9s mondiaux et avance 50 centres mondiaux selon le classement mondial de Times","author":"omar","date":"\u0641\u0628\u0631\u0627\u064a\u0631 15, 2022","format":false,"excerpt":"Dr. Youssef Gharabawy, recteur de l\u2019Universit\u00e9 du Sud de la Vall\u00e9e a d\u00e9clar\u00e9 que l\u2019Universit\u00e9 est parmi les 300 meilleures universit\u00e9s du monde selon le classement mondial de Times. L\u2019Universit\u00e9 a fait des progr\u00e8s dans 50 centres mondiaux, arrivant en huiti\u00e8me place localement entre 29 universit\u00e9s \u00e9gyptiennes. Dr. Ahmed Akkawy,\u2026","rel":"","context":"\u0641\u064a &quot;ann_fr&quot;","block_context":{"text":"ann_fr","link":"http:\/\/www.svu.edu.eg\/faculties\/agr\/fr\/category\/ann_fr\/"},"img":{"alt_text":"","src":"https:\/\/i0.wp.com\/www.svu.edu.eg\/faculties\/agr\/wp-content\/uploads\/2022\/02\/016c89c7-8e42-4347-9fbe-b8429122da221.jpg?fit=1200%2C800&resize=350%2C200","width":350,"height":200,"srcset":"https:\/\/i0.wp.com\/www.svu.edu.eg\/faculties\/agr\/wp-content\/uploads\/2022\/02\/016c89c7-8e42-4347-9fbe-b8429122da221.jpg?fit=1200%2C800&resize=350%2C200 1x, https:\/\/i0.wp.com\/www.svu.edu.eg\/faculties\/agr\/wp-content\/uploads\/2022\/02\/016c89c7-8e42-4347-9fbe-b8429122da221.jpg?fit=1200%2C800&resize=525%2C300 1.5x, https:\/\/i0.wp.com\/www.svu.edu.eg\/faculties\/agr\/wp-content\/uploads\/2022\/02\/016c89c7-8e42-4347-9fbe-b8429122da221.jpg?fit=1200%2C800&resize=700%2C400 2x, https:\/\/i0.wp.com\/www.svu.edu.eg\/faculties\/agr\/wp-content\/uploads\/2022\/02\/016c89c7-8e42-4347-9fbe-b8429122da221.jpg?fit=1200%2C800&resize=1050%2C600 3x"},"classes":[]},{"id":4985,"url":"http:\/\/www.svu.edu.eg\/faculties\/agr\/fr\/universite-du-sud-de-la-vallee-participe-a-une-tournee-a-luniversite-dellinoi-aux-etats-unis\/","url_meta":{"origin":5378,"position":2},"title":"Universit\u00e9 du Sud de la Vall\u00e9e participe \u00e0 une tourn\u00e9e \u00e0 l\u2019Universit\u00e9 d\u2019Ellinoi aux \u00c9tats-Unis","author":"omar","date":"\u0633\u0628\u062a\u0645\u0628\u0631 15, 2022","format":false,"excerpt":"Dans le cadre du protocole de coop\u00e9ration entre Universit\u00e9 du Sud de la Vall\u00e9e et Amedest pour \u00e9tablir un centre pour les services des personnes handicap\u00e9es \u00e0 l\u2019Universit\u00e9, sous les auspices du dr. Youssef Gharbawy, recteur de l\u2019Universit\u00e9, avec la participation du dr. Badawy Shahat, vice- recteur pour les affaires\u2026","rel":"","context":"\u0641\u064a &quot;conf_fr&quot;","block_context":{"text":"conf_fr","link":"http:\/\/www.svu.edu.eg\/faculties\/agr\/fr\/category\/conf_fr\/"},"img":{"alt_text":"","src":"https:\/\/i0.wp.com\/www.svu.edu.eg\/faculties\/agr\/wp-content\/uploads\/2022\/09\/1-53.jpg?fit=1200%2C900&resize=350%2C200","width":350,"height":200,"srcset":"https:\/\/i0.wp.com\/www.svu.edu.eg\/faculties\/agr\/wp-content\/uploads\/2022\/09\/1-53.jpg?fit=1200%2C900&resize=350%2C200 1x, https:\/\/i0.wp.com\/www.svu.edu.eg\/faculties\/agr\/wp-content\/uploads\/2022\/09\/1-53.jpg?fit=1200%2C900&resize=525%2C300 1.5x, https:\/\/i0.wp.com\/www.svu.edu.eg\/faculties\/agr\/wp-content\/uploads\/2022\/09\/1-53.jpg?fit=1200%2C900&resize=700%2C400 2x, https:\/\/i0.wp.com\/www.svu.edu.eg\/faculties\/agr\/wp-content\/uploads\/2022\/09\/1-53.jpg?fit=1200%2C900&resize=1050%2C600 3x"},"classes":[]},{"id":5442,"url":"http:\/\/www.svu.edu.eg\/faculties\/agr\/fr\/cloture-du-15e-concours-de-la-semaine-de-lenvironnement-a-luniversite-du-sud-de-la-vallee\/","url_meta":{"origin":5378,"position":3},"title":"Cl\u00f4ture du 15e concours de la semaine de l\u2019environnement \u00e0 l\u2019Universit\u00e9 du Sud de la Vall\u00e9e","author":"omar","date":"\u0645\u0627\u0631\u0633 17, 2023","format":false,"excerpt":"Sous les auspices du dr. Youssef Gharabawy et du dr. Ahmed Nassary, vice- recteur de l\u2019Universit\u00e9 pour le service communautaire et le d\u00e9veloppement environnemental, les activit\u00e9s du 15e concours de la semaine de l\u2019environnement ont \u00e9t\u00e9 conclues \u00a0\u00e0 l\u2019Universit\u00e9 du Sud de la Vall\u00e9e, en pr\u00e9sence du dr. Mahmoud Labeb,\u2026","rel":"","context":"\u0641\u064a &quot;ann_fr&quot;","block_context":{"text":"ann_fr","link":"http:\/\/www.svu.edu.eg\/faculties\/agr\/fr\/category\/ann_fr\/"},"img":{"alt_text":"","src":"https:\/\/i0.wp.com\/www.svu.edu.eg\/faculties\/agr\/wp-content\/uploads\/2023\/03\/1-1-211.jpeg?fit=1200%2C800&resize=350%2C200","width":350,"height":200,"srcset":"https:\/\/i0.wp.com\/www.svu.edu.eg\/faculties\/agr\/wp-content\/uploads\/2023\/03\/1-1-211.jpeg?fit=1200%2C800&resize=350%2C200 1x, https:\/\/i0.wp.com\/www.svu.edu.eg\/faculties\/agr\/wp-content\/uploads\/2023\/03\/1-1-211.jpeg?fit=1200%2C800&resize=525%2C300 1.5x, https:\/\/i0.wp.com\/www.svu.edu.eg\/faculties\/agr\/wp-content\/uploads\/2023\/03\/1-1-211.jpeg?fit=1200%2C800&resize=700%2C400 2x, https:\/\/i0.wp.com\/www.svu.edu.eg\/faculties\/agr\/wp-content\/uploads\/2023\/03\/1-1-211.jpeg?fit=1200%2C800&resize=1050%2C600 3x"},"classes":[]},{"id":5431,"url":"http:\/\/www.svu.edu.eg\/faculties\/agr\/fr\/seminaire-sur-les-dangers-de-la-toxicomanie-a-la-faculte-dagriculture-2\/","url_meta":{"origin":5378,"position":4},"title":"S\u00e9minaire sur les dangers de la toxicomanie \u00e0 la facult\u00e9 d&#8217;agriculture","author":"omar","date":"\u0645\u0627\u0631\u0633 17, 2023","format":false,"excerpt":"Sous les auspices du dr. Mohammed Ayman Ashour, Ministre de l\u2019Enseignement Sup\u00e9rieur, du major g\u00e9n\u00e9ral Ashraf Al-Dawedy, gouverneur de Q\u00e9na et du dr. Youssef Gharabawy, recteur de l\u2019Universit\u00e9 du Sud de la Vall\u00e9e, et sous la supervision du dr. Ahmed Nassary, vice- recteur de l\u2019Universit\u00e9 pour le service communautaire et\u2026","rel":"","context":"\u0641\u064a &quot;conf_fr&quot;","block_context":{"text":"conf_fr","link":"http:\/\/www.svu.edu.eg\/faculties\/agr\/fr\/category\/conf_fr\/"},"img":{"alt_text":"","src":"https:\/\/i0.wp.com\/www.svu.edu.eg\/faculties\/agr\/wp-content\/uploads\/2023\/03\/2-261.jpg?fit=1200%2C900&resize=350%2C200","width":350,"height":200,"srcset":"https:\/\/i0.wp.com\/www.svu.edu.eg\/faculties\/agr\/wp-content\/uploads\/2023\/03\/2-261.jpg?fit=1200%2C900&resize=350%2C200 1x, https:\/\/i0.wp.com\/www.svu.edu.eg\/faculties\/agr\/wp-content\/uploads\/2023\/03\/2-261.jpg?fit=1200%2C900&resize=525%2C300 1.5x, https:\/\/i0.wp.com\/www.svu.edu.eg\/faculties\/agr\/wp-content\/uploads\/2023\/03\/2-261.jpg?fit=1200%2C900&resize=700%2C400 2x, https:\/\/i0.wp.com\/www.svu.edu.eg\/faculties\/agr\/wp-content\/uploads\/2023\/03\/2-261.jpg?fit=1200%2C900&resize=1050%2C600 3x"},"classes":[]},{"id":5247,"url":"http:\/\/www.svu.edu.eg\/faculties\/agr\/fr\/seminaire-de-maitrise-a-la-faculte-dagriculture-2\/","url_meta":{"origin":5378,"position":5},"title":"S\u00e9minaire de ma\u00eetrise \u00e0 la facult\u00e9 d\u2019agriculture","author":"omar","date":"\u0646\u0648\u0641\u0645\u0628\u0631 13, 2022","format":false,"excerpt":"Sous les auspices du dr. Youssef Gharabawy, recteur de l\u2019Universit\u00e9 du Sud de la Vall\u00e9e, du dr. Ahmed Akawy, vice- recteur de l\u2019Universit\u00e9 pour les \u00e9tudes sup\u00e9rieures et de la recherche et du dr. Essam Eldin Abdelhadi, doyen de la facult\u00e9 d\u2019agriculture, le s\u00e9minaire de ma\u00eetrise de la chercheuse \/Shahera\u2026","rel":"","context":"\u0641\u064a &quot;ann_fr&quot;","block_context":{"text":"ann_fr","link":"http:\/\/www.svu.edu.eg\/faculties\/agr\/fr\/category\/ann_fr\/"},"img":{"alt_text":"","src":"https:\/\/i0.wp.com\/www.svu.edu.eg\/faculties\/agr\/wp-content\/uploads\/2022\/05\/rfhgfg-removebg-preview.png?fit=225%2C225&resize=350%2C200","width":350,"height":200},"classes":[]}],"_links":{"self":[{"href":"http:\/\/www.svu.edu.eg\/faculties\/agr\/wp-json\/wp\/v2\/posts\/5378"}],"collection":[{"href":"http:\/\/www.svu.edu.eg\/faculties\/agr\/wp-json\/wp\/v2\/posts"}],"about":[{"href":"http:\/\/www.svu.edu.eg\/faculties\/agr\/wp-json\/wp\/v2\/types\/post"}],"author":[{"embeddable":true,"href":"http:\/\/www.svu.edu.eg\/faculties\/agr\/wp-json\/wp\/v2\/users\/2"}],"replies":[{"embeddable":true,"href":"http:\/\/www.svu.edu.eg\/faculties\/agr\/wp-json\/wp\/v2\/comments?post=5378"}],"version-history":[{"count":2,"href":"http:\/\/www.svu.edu.eg\/faculties\/agr\/wp-json\/wp\/v2\/posts\/5378\/revisions"}],"predecessor-version":[{"id":5381,"href":"http:\/\/www.svu.edu.eg\/faculties\/agr\/wp-json\/wp\/v2\/posts\/5378\/revisions\/5381"}],"wp:featuredmedia":[{"embeddable":true,"href":"http:\/\/www.svu.edu.eg\/faculties\/agr\/wp-json\/wp\/v2\/media\/5379"}],"wp:attachment":[{"href":"http:\/\/www.svu.edu.eg\/faculties\/agr\/wp-json\/wp\/v2\/media?parent=5378"}],"wp:term":[{"taxonomy":"category","embeddable":true,"href":"http:\/\/www.svu.edu.eg\/faculties\/agr\/wp-json\/wp\/v2\/categories?post=5378"},{"taxonomy":"post_tag","embeddable":true,"href":"http:\/\/www.svu.edu.eg\/faculties\/agr\/wp-json\/wp\/v2\/tags?post=5378"}],"curies":[{"name":"wp","href":"https:\/\/api.w.org\/{rel}","templated":true}]}}